{"id":926,"date":"2019-06-27T03:04:05","date_gmt":"2019-06-27T03:04:05","guid":{"rendered":"http:\/\/timeline-kreuznach.de\/4307976-2"},"modified":"2019-06-27T03:04:05","modified_gmt":"2019-06-27T03:04:05","slug":"4307976-2","status":"publish","type":"post","link":"https:\/\/timeline-kreuznach.de\/en\/4307976-2","title":{"rendered":"POL-PDKH: Scooter rider injured in traffic accident - witnesses wanted"},"content":{"rendered":"<div><b>Polizeidirektion Bad Kreuznach<\/b> [<a href=\"https:\/\/www.presseportal.de\/blaulicht\/pm\/117703\/4307976\">Newsroom<\/a>]<br \/>55543 Bad Kreuznach, D\u00fcrerstra\u00dfe (ots) &#8211; Am Mittwoch, den 26.06.2019, um 17.30 Uhr, kam es im Kreisverkehr der D\u00fcrerstra\u00dfe \/ John-F.-Kennedy-Stra\u00dfe zu einem Verkehrsunfall unter Beteiligung eines Rollerfahrers. Eine 21-J\u00e4hrige befuhr mit ihrem PKW &#8230; <a href=\"https:\/\/www.presseportal.de\/blaulicht\/pm\/117703\/4307976\">Lesen Sie hier weiter&#8230;<\/a><br clear=\"all\"><\/p>\n<p><small>Original-Content von: Polizeidirektion Bad Kreuznach, \u00fcbermittelt durch news aktuell<\/small><\/p>\n<\/div>\n","protected":false},"excerpt":{"rendered":"<p>Polizeidirektion Bad Kreuznach [Newsroom]55543 Bad Kreuznach, D\u00fcrerstra\u00dfe (ots) &#8211; Am Mittwoch, den 26.06.2019, um 17.30 Uhr, kam es im Kreisverkehr der D\u00fcrerstra\u00dfe \/ John-F.-Kennedy-Stra\u00dfe zu einem Verkehrsunfall unter Beteiligung eines Rollerfahrers. Eine 21-J\u00e4hrige befuhr mit ihrem PKW &#8230; Lesen Sie hier weiter&#8230; Original-Content von: Polizeidirektion Bad Kreuznach, \u00fcbermittelt durch news aktuell<\/p>\n","protected":false},"author":1,"featured_media":927,"comment_status":"closed","ping_status":"closed","sticky":false,"template":"","format":"standard","meta":{"footnotes":""},"categories":[7],"tags":[8],"class_list":["post-926","post","type-post","status-publish","format-standard","has-post-thumbnail","hentry","category-presseportal","tag-presseportal"],"_links":{"self":[{"href":"https:\/\/timeline-kreuznach.de\/en\/wp-json\/wp\/v2\/posts\/926","targetHints":{"allow":["GET"]}}],"collection":[{"href":"https:\/\/timeline-kreuznach.de\/en\/wp-json\/wp\/v2\/posts"}],"about":[{"href":"https:\/\/timeline-kreuznach.de\/en\/wp-json\/wp\/v2\/types\/post"}],"author":[{"embeddable":true,"href":"https:\/\/timeline-kreuznach.de\/en\/wp-json\/wp\/v2\/users\/1"}],"replies":[{"embeddable":true,"href":"https:\/\/timeline-kreuznach.de\/en\/wp-json\/wp\/v2\/comments?post=926"}],"version-history":[{"count":0,"href":"https:\/\/timeline-kreuznach.de\/en\/wp-json\/wp\/v2\/posts\/926\/revisions"}],"wp:featuredmedia":[{"embeddable":true,"href":"https:\/\/timeline-kreuznach.de\/en\/wp-json\/wp\/v2\/media\/927"}],"wp:attachment":[{"href":"https:\/\/timeline-kreuznach.de\/en\/wp-json\/wp\/v2\/media?parent=926"}],"wp:term":[{"taxonomy":"category","embeddable":true,"href":"https:\/\/timeline-kreuznach.de\/en\/wp-json\/wp\/v2\/categories?post=926"},{"taxonomy":"post_tag","embeddable":true,"href":"https:\/\/timeline-kreuznach.de\/en\/wp-json\/wp\/v2\/tags?post=926"}],"curies":[{"name":"wp","href":"https:\/\/api.w.org\/{rel}","templated":true}]}}