{"id":7686,"date":"2023-01-17T03:04:55","date_gmt":"2023-01-17T03:04:55","guid":{"rendered":"http:\/\/timeline-kreuznach.de\/5417744-2"},"modified":"2023-01-17T03:04:55","modified_gmt":"2023-01-17T03:04:55","slug":"5417744-2","status":"publish","type":"post","link":"https:\/\/timeline-kreuznach.de\/en\/5417744-2","title":{"rendered":"POL-PDKH: Robbery in Bad Sobernheim"},"content":{"rendered":"<div><b>Polizeidirektion Bad Kreuznach<\/b> [<a href=\"https:\/\/www.presseportal.de\/blaulicht\/pm\/117703\/5417744\">Newsroom<\/a>]<br \/>Bad Sobernheim (ots) &#8211; Am Sonntagabend, den 15.01.2023 gg. 23.00 Uhr kam es in der Monzinger Stra\u00dfe in Bad Sobernheim zu einem brutalen Raub\u00fcberfall auf einen Gesch\u00e4ftsmann. Zwei maskierte und bislang unbekannte m\u00e4nnliche T\u00e4ter lauerten dem &#8230; <a href=\"https:\/\/www.presseportal.de\/blaulicht\/pm\/117703\/5417744\">Lesen Sie hier weiter&#8230;<\/a><br clear=\"all\"><\/p>\n<p><small>Original-Content von: Polizeidirektion Bad Kreuznach, \u00fcbermittelt durch news aktuell<\/small><\/p>\n<\/div>\n<p class=\"wpematico_credit\"><small>Powered by <a href=\"http:\/\/www.wpematico.com\" target=\"_blank\" rel=\"noopener noreferrer\">WPeMatico<\/a><\/small><\/p>\n","protected":false},"excerpt":{"rendered":"<p>Polizeidirektion Bad Kreuznach [Newsroom]Bad Sobernheim (ots) &#8211; Am Sonntagabend, den 15.01.2023 gg. 23.00 Uhr kam es in der Monzinger Stra\u00dfe in Bad Sobernheim zu einem brutalen Raub\u00fcberfall auf einen Gesch\u00e4ftsmann. Zwei maskierte und bislang unbekannte m\u00e4nnliche T\u00e4ter lauerten dem &#8230; Lesen Sie hier weiter&#8230; Original-Content von: Polizeidirektion Bad Kreuznach, \u00fcbermittelt durch news aktuell Powered by [&hellip;]<\/p>\n","protected":false},"author":1,"featured_media":0,"comment_status":"closed","ping_status":"closed","sticky":false,"template":"","format":"standard","meta":{"footnotes":""},"categories":[7],"tags":[8],"class_list":["post-7686","post","type-post","status-publish","format-standard","hentry","category-presseportal","tag-presseportal"],"_links":{"self":[{"href":"https:\/\/timeline-kreuznach.de\/en\/wp-json\/wp\/v2\/posts\/7686","targetHints":{"allow":["GET"]}}],"collection":[{"href":"https:\/\/timeline-kreuznach.de\/en\/wp-json\/wp\/v2\/posts"}],"about":[{"href":"https:\/\/timeline-kreuznach.de\/en\/wp-json\/wp\/v2\/types\/post"}],"author":[{"embeddable":true,"href":"https:\/\/timeline-kreuznach.de\/en\/wp-json\/wp\/v2\/users\/1"}],"replies":[{"embeddable":true,"href":"https:\/\/timeline-kreuznach.de\/en\/wp-json\/wp\/v2\/comments?post=7686"}],"version-history":[{"count":0,"href":"https:\/\/timeline-kreuznach.de\/en\/wp-json\/wp\/v2\/posts\/7686\/revisions"}],"wp:attachment":[{"href":"https:\/\/timeline-kreuznach.de\/en\/wp-json\/wp\/v2\/media?parent=7686"}],"wp:term":[{"taxonomy":"category","embeddable":true,"href":"https:\/\/timeline-kreuznach.de\/en\/wp-json\/wp\/v2\/categories?post=7686"},{"taxonomy":"post_tag","embeddable":true,"href":"https:\/\/timeline-kreuznach.de\/en\/wp-json\/wp\/v2\/tags?post=7686"}],"curies":[{"name":"wp","href":"https:\/\/api.w.org\/{rel}","templated":true}]}}