{"id":7667,"date":"2023-01-14T03:06:52","date_gmt":"2023-01-14T03:06:52","guid":{"rendered":"http:\/\/timeline-kreuznach.de\/5415406-2"},"modified":"2023-01-14T03:06:52","modified_gmt":"2023-01-14T03:06:52","slug":"5415406-2","status":"publish","type":"post","link":"https:\/\/timeline-kreuznach.de\/en\/5415406-2","title":{"rendered":"POL-PDKH: Residential burglary in Bad Kreuznach-Planig"},"content":{"rendered":"<div><b>Polizeidirektion Bad Kreuznach<\/b> [<a href=\"https:\/\/www.presseportal.de\/blaulicht\/pm\/117703\/5415406\">Newsroom<\/a>]<br \/>Bad Kreuznach (ots) &#8211; Am Donnerstag, den 12.01.2023 kam es in der Zeit von 14.50 Uhr bis 21.50 Uhr in der Weinstra\u00dfe in Bad Kreuznach Ortsteil Planig zu einem Wohnungseinbruchsdiebstahl in ein Einfamilienhaus. Bislang unbekannte T\u00e4ter nutzten die &#8230; <a href=\"https:\/\/www.presseportal.de\/blaulicht\/pm\/117703\/5415406\">Lesen Sie hier weiter&#8230;<\/a><br clear=\"all\"><\/p>\n<p><small>Original-Content von: Polizeidirektion Bad Kreuznach, \u00fcbermittelt durch news aktuell<\/small><\/p>\n<\/div>\n<p class=\"wpematico_credit\"><small>Powered by <a href=\"http:\/\/www.wpematico.com\" target=\"_blank\" rel=\"noopener noreferrer\">WPeMatico<\/a><\/small><\/p>\n","protected":false},"excerpt":{"rendered":"<p>Polizeidirektion Bad Kreuznach [Newsroom]Bad Kreuznach (ots) &#8211; Am Donnerstag, den 12.01.2023 kam es in der Zeit von 14.50 Uhr bis 21.50 Uhr in der Weinstra\u00dfe in Bad Kreuznach Ortsteil Planig zu einem Wohnungseinbruchsdiebstahl in ein Einfamilienhaus. Bislang unbekannte T\u00e4ter nutzten die &#8230; Lesen Sie hier weiter&#8230; Original-Content von: Polizeidirektion Bad Kreuznach, \u00fcbermittelt durch news aktuell [&hellip;]<\/p>\n","protected":false},"author":1,"featured_media":0,"comment_status":"closed","ping_status":"closed","sticky":false,"template":"","format":"standard","meta":{"footnotes":""},"categories":[7],"tags":[8],"class_list":["post-7667","post","type-post","status-publish","format-standard","hentry","category-presseportal","tag-presseportal"],"_links":{"self":[{"href":"https:\/\/timeline-kreuznach.de\/en\/wp-json\/wp\/v2\/posts\/7667","targetHints":{"allow":["GET"]}}],"collection":[{"href":"https:\/\/timeline-kreuznach.de\/en\/wp-json\/wp\/v2\/posts"}],"about":[{"href":"https:\/\/timeline-kreuznach.de\/en\/wp-json\/wp\/v2\/types\/post"}],"author":[{"embeddable":true,"href":"https:\/\/timeline-kreuznach.de\/en\/wp-json\/wp\/v2\/users\/1"}],"replies":[{"embeddable":true,"href":"https:\/\/timeline-kreuznach.de\/en\/wp-json\/wp\/v2\/comments?post=7667"}],"version-history":[{"count":0,"href":"https:\/\/timeline-kreuznach.de\/en\/wp-json\/wp\/v2\/posts\/7667\/revisions"}],"wp:attachment":[{"href":"https:\/\/timeline-kreuznach.de\/en\/wp-json\/wp\/v2\/media?parent=7667"}],"wp:term":[{"taxonomy":"category","embeddable":true,"href":"https:\/\/timeline-kreuznach.de\/en\/wp-json\/wp\/v2\/categories?post=7667"},{"taxonomy":"post_tag","embeddable":true,"href":"https:\/\/timeline-kreuznach.de\/en\/wp-json\/wp\/v2\/tags?post=7667"}],"curies":[{"name":"wp","href":"https:\/\/api.w.org\/{rel}","templated":true}]}}