{"id":7521,"date":"2022-12-14T03:01:34","date_gmt":"2022-12-14T03:01:34","guid":{"rendered":"http:\/\/timeline-kreuznach.de\/5393012-2"},"modified":"2022-12-14T03:01:34","modified_gmt":"2022-12-14T03:01:34","slug":"5393012-2","status":"publish","type":"post","link":"https:\/\/timeline-kreuznach.de\/en\/5393012-2","title":{"rendered":"POL-PDKH: Residential burglary in Frei-Laubersheim"},"content":{"rendered":"<div><b>Polizeidirektion Bad Kreuznach<\/b> [<a href=\"https:\/\/www.presseportal.de\/blaulicht\/pm\/117703\/5393012\">Newsroom<\/a>]<br \/>Frei-Laubersheim (ots) &#8211; In der Zeit von Samstagmittag, 10.12.2022 bis Montag, 12.12.2022, 10:40 Uhr, kam es in der Schulstra\u00dfe in der Ortsgemeinde Frei-Laubersheim zu einem Wohnungseinbruchdiebstahl. W\u00e4hrend der Abwesenheit der Hauseigent\u00fcmer &#8230; <a href=\"https:\/\/www.presseportal.de\/blaulicht\/pm\/117703\/5393012\">Lesen Sie hier weiter&#8230;<\/a><br clear=\"all\"><\/p>\n<p><small>Original-Content von: Polizeidirektion Bad Kreuznach, \u00fcbermittelt durch news aktuell<\/small><\/p>\n<\/div>\n<p class=\"wpematico_credit\"><small>Powered by <a href=\"http:\/\/www.wpematico.com\" target=\"_blank\" rel=\"noopener noreferrer\">WPeMatico<\/a><\/small><\/p>\n","protected":false},"excerpt":{"rendered":"<p>Polizeidirektion Bad Kreuznach [Newsroom]Frei-Laubersheim (ots) &#8211; In der Zeit von Samstagmittag, 10.12.2022 bis Montag, 12.12.2022, 10:40 Uhr, kam es in der Schulstra\u00dfe in der Ortsgemeinde Frei-Laubersheim zu einem Wohnungseinbruchdiebstahl. W\u00e4hrend der Abwesenheit der Hauseigent\u00fcmer &#8230; Lesen Sie hier weiter&#8230; Original-Content von: Polizeidirektion Bad Kreuznach, \u00fcbermittelt durch news aktuell Powered by WPeMatico<\/p>\n","protected":false},"author":1,"featured_media":0,"comment_status":"closed","ping_status":"closed","sticky":false,"template":"","format":"standard","meta":{"footnotes":""},"categories":[7],"tags":[8],"class_list":["post-7521","post","type-post","status-publish","format-standard","hentry","category-presseportal","tag-presseportal"],"_links":{"self":[{"href":"https:\/\/timeline-kreuznach.de\/en\/wp-json\/wp\/v2\/posts\/7521","targetHints":{"allow":["GET"]}}],"collection":[{"href":"https:\/\/timeline-kreuznach.de\/en\/wp-json\/wp\/v2\/posts"}],"about":[{"href":"https:\/\/timeline-kreuznach.de\/en\/wp-json\/wp\/v2\/types\/post"}],"author":[{"embeddable":true,"href":"https:\/\/timeline-kreuznach.de\/en\/wp-json\/wp\/v2\/users\/1"}],"replies":[{"embeddable":true,"href":"https:\/\/timeline-kreuznach.de\/en\/wp-json\/wp\/v2\/comments?post=7521"}],"version-history":[{"count":0,"href":"https:\/\/timeline-kreuznach.de\/en\/wp-json\/wp\/v2\/posts\/7521\/revisions"}],"wp:attachment":[{"href":"https:\/\/timeline-kreuznach.de\/en\/wp-json\/wp\/v2\/media?parent=7521"}],"wp:term":[{"taxonomy":"category","embeddable":true,"href":"https:\/\/timeline-kreuznach.de\/en\/wp-json\/wp\/v2\/categories?post=7521"},{"taxonomy":"post_tag","embeddable":true,"href":"https:\/\/timeline-kreuznach.de\/en\/wp-json\/wp\/v2\/tags?post=7521"}],"curies":[{"name":"wp","href":"https:\/\/api.w.org\/{rel}","templated":true}]}}