{"id":7486,"date":"2022-12-08T03:04:00","date_gmt":"2022-12-08T03:04:00","guid":{"rendered":"http:\/\/timeline-kreuznach.de\/pol-pdnr-einzelner-autoreifen-rollt-die-breitestrasse-hinunter"},"modified":"2022-12-08T03:04:00","modified_gmt":"2022-12-08T03:04:00","slug":"pol-pdnr-einzelner-autoreifen-rollt-die-breitestrasse-hinunter","status":"publish","type":"post","link":"https:\/\/timeline-kreuznach.de\/en\/pol-pdnr-einzelner-autoreifen-rollt-die-breitestrasse-hinunter","title":{"rendered":"POL-PDNR: Single car tire rolls down Breitestra\u00dfe"},"content":{"rendered":"<div><b>Polizeidirektion Neuwied\/Rhein<\/b> [<a href=\"https:\/\/www.presseportal.de\/blaulicht\/pm\/117709\/5389361\">Newsroom<\/a>]<br \/>Kasbach-Ohlenberg (ots) &#8211; Am 07.12.2022 um 20:10 Uhr rollte ein einzelner Ford-Autoreifen in Kasbach-Ohlenberg die Breitestra\u00dfe von der Gartenstra\u00dfe aus hinunter. Der Reifen war noch in Folie verpackt. Auf einem Anwesen in der Breitestra\u00dfe &#8230; <a href=\"https:\/\/www.presseportal.de\/blaulicht\/pm\/117709\/5389361\">Lesen Sie hier weiter&#8230;<\/a><br clear=\"all\"><\/p>\n<p><small>Original-Content von: Polizeidirektion Neuwied\/Rhein, \u00fcbermittelt durch news aktuell<\/small><\/p>\n<\/div>\n<p class=\"wpematico_credit\"><small>Powered by <a href=\"http:\/\/www.wpematico.com\" target=\"_blank\" rel=\"noopener noreferrer\">WPeMatico<\/a><\/small><\/p>\n","protected":false},"excerpt":{"rendered":"<p>Polizeidirektion Neuwied\/Rhein [Newsroom]Kasbach-Ohlenberg (ots) &#8211; Am 07.12.2022 um 20:10 Uhr rollte ein einzelner Ford-Autoreifen in Kasbach-Ohlenberg die Breitestra\u00dfe von der Gartenstra\u00dfe aus hinunter. Der Reifen war noch in Folie verpackt. Auf einem Anwesen in der Breitestra\u00dfe &#8230; Lesen Sie hier weiter&#8230; Original-Content von: Polizeidirektion Neuwied\/Rhein, \u00fcbermittelt durch news aktuell Powered by WPeMatico<\/p>\n","protected":false},"author":1,"featured_media":0,"comment_status":"closed","ping_status":"closed","sticky":false,"template":"","format":"standard","meta":{"footnotes":""},"categories":[1],"tags":[],"class_list":["post-7486","post","type-post","status-publish","format-standard","hentry","category-uncategorized"],"_links":{"self":[{"href":"https:\/\/timeline-kreuznach.de\/en\/wp-json\/wp\/v2\/posts\/7486","targetHints":{"allow":["GET"]}}],"collection":[{"href":"https:\/\/timeline-kreuznach.de\/en\/wp-json\/wp\/v2\/posts"}],"about":[{"href":"https:\/\/timeline-kreuznach.de\/en\/wp-json\/wp\/v2\/types\/post"}],"author":[{"embeddable":true,"href":"https:\/\/timeline-kreuznach.de\/en\/wp-json\/wp\/v2\/users\/1"}],"replies":[{"embeddable":true,"href":"https:\/\/timeline-kreuznach.de\/en\/wp-json\/wp\/v2\/comments?post=7486"}],"version-history":[{"count":0,"href":"https:\/\/timeline-kreuznach.de\/en\/wp-json\/wp\/v2\/posts\/7486\/revisions"}],"wp:attachment":[{"href":"https:\/\/timeline-kreuznach.de\/en\/wp-json\/wp\/v2\/media?parent=7486"}],"wp:term":[{"taxonomy":"category","embeddable":true,"href":"https:\/\/timeline-kreuznach.de\/en\/wp-json\/wp\/v2\/categories?post=7486"},{"taxonomy":"post_tag","embeddable":true,"href":"https:\/\/timeline-kreuznach.de\/en\/wp-json\/wp\/v2\/tags?post=7486"}],"curies":[{"name":"wp","href":"https:\/\/api.w.org\/{rel}","templated":true}]}}