{"id":7435,"date":"2022-11-29T03:01:05","date_gmt":"2022-11-29T03:01:05","guid":{"rendered":"http:\/\/timeline-kreuznach.de\/pol-pdwil-quad-gestohlen"},"modified":"2022-11-29T03:01:05","modified_gmt":"2022-11-29T03:01:05","slug":"pol-pdwil-quad-gestohlen","status":"publish","type":"post","link":"https:\/\/timeline-kreuznach.de\/en\/pol-pdwil-quad-gestohlen","title":{"rendered":"POL-PDWIL: Quad bike stolen"},"content":{"rendered":"<div><b>Polizeidirektion Wittlich<\/b> [<a href=\"https:\/\/www.presseportal.de\/blaulicht\/pm\/117697\/5381762\">Newsroom<\/a>]<br \/>Weinsheim (ots) &#8211; In der Nacht vom 26.11.2022 auf den 27.11.2022 ist es zwischen 01:30 Uhr und 11:00 Uhr zu einem Diebstahl eines Quads in Weinsheim gekommen. Die T\u00e4ter verschafften sich vermutlich fu\u00dfl\u00e4ufig Zugang zu dem betroffenen Grundst\u00fcck. &#8230; <a href=\"https:\/\/www.presseportal.de\/blaulicht\/pm\/117697\/5381762\">Lesen Sie hier weiter&#8230;<\/a><br clear=\"all\"><\/p>\n<p><small>Original-Content von: Polizeidirektion Wittlich, \u00fcbermittelt durch news aktuell<\/small><\/p>\n<\/div>\n<p class=\"wpematico_credit\"><small>Powered by <a href=\"http:\/\/www.wpematico.com\" target=\"_blank\" rel=\"noopener noreferrer\">WPeMatico<\/a><\/small><\/p>\n","protected":false},"excerpt":{"rendered":"<p>Polizeidirektion Wittlich [Newsroom]Weinsheim (ots) &#8211; In der Nacht vom 26.11.2022 auf den 27.11.2022 ist es zwischen 01:30 Uhr und 11:00 Uhr zu einem Diebstahl eines Quads in Weinsheim gekommen. Die T\u00e4ter verschafften sich vermutlich fu\u00dfl\u00e4ufig Zugang zu dem betroffenen Grundst\u00fcck. &#8230; Lesen Sie hier weiter&#8230; Original-Content von: Polizeidirektion Wittlich, \u00fcbermittelt durch news aktuell Powered by [&hellip;]<\/p>\n","protected":false},"author":1,"featured_media":0,"comment_status":"closed","ping_status":"closed","sticky":false,"template":"","format":"standard","meta":{"footnotes":""},"categories":[1],"tags":[],"class_list":["post-7435","post","type-post","status-publish","format-standard","hentry","category-uncategorized"],"_links":{"self":[{"href":"https:\/\/timeline-kreuznach.de\/en\/wp-json\/wp\/v2\/posts\/7435","targetHints":{"allow":["GET"]}}],"collection":[{"href":"https:\/\/timeline-kreuznach.de\/en\/wp-json\/wp\/v2\/posts"}],"about":[{"href":"https:\/\/timeline-kreuznach.de\/en\/wp-json\/wp\/v2\/types\/post"}],"author":[{"embeddable":true,"href":"https:\/\/timeline-kreuznach.de\/en\/wp-json\/wp\/v2\/users\/1"}],"replies":[{"embeddable":true,"href":"https:\/\/timeline-kreuznach.de\/en\/wp-json\/wp\/v2\/comments?post=7435"}],"version-history":[{"count":0,"href":"https:\/\/timeline-kreuznach.de\/en\/wp-json\/wp\/v2\/posts\/7435\/revisions"}],"wp:attachment":[{"href":"https:\/\/timeline-kreuznach.de\/en\/wp-json\/wp\/v2\/media?parent=7435"}],"wp:term":[{"taxonomy":"category","embeddable":true,"href":"https:\/\/timeline-kreuznach.de\/en\/wp-json\/wp\/v2\/categories?post=7435"},{"taxonomy":"post_tag","embeddable":true,"href":"https:\/\/timeline-kreuznach.de\/en\/wp-json\/wp\/v2\/tags?post=7435"}],"curies":[{"name":"wp","href":"https:\/\/api.w.org\/{rel}","templated":true}]}}