{"id":7399,"date":"2022-11-22T03:03:25","date_gmt":"2022-11-22T03:03:25","guid":{"rendered":"http:\/\/timeline-kreuznach.de\/5375825-2"},"modified":"2022-11-22T03:03:25","modified_gmt":"2022-11-22T03:03:25","slug":"5375825-2","status":"publish","type":"post","link":"https:\/\/timeline-kreuznach.de\/en\/5375825-2","title":{"rendered":"POL-PDKH: Residential burglary in Spall"},"content":{"rendered":"<div><b>Polizeidirektion Bad Kreuznach<\/b> [<a href=\"https:\/\/www.presseportal.de\/blaulicht\/pm\/117703\/5375825\">Newsroom<\/a>]<br \/>Spall (ots) &#8211; In der Zeit von Samstag, den 19.11.2022, 18.45 Uhr bis Sonntag, den 20.11.2022, 15.15 Uhr kam es zu einem Wohnungseinbruch in ein Einfamilienhaus im Bereich der Gr\u00e4fenbachstra\u00dfe. Die bislang unbekannten T\u00e4ter nutzten die Abwesenheit &#8230; <a href=\"https:\/\/www.presseportal.de\/blaulicht\/pm\/117703\/5375825\">Lesen Sie hier weiter&#8230;<\/a><br clear=\"all\"><\/p>\n<p><small>Original-Content von: Polizeidirektion Bad Kreuznach, \u00fcbermittelt durch news aktuell<\/small><\/p>\n<\/div>\n<p class=\"wpematico_credit\"><small>Powered by <a href=\"http:\/\/www.wpematico.com\" target=\"_blank\" rel=\"noopener noreferrer\">WPeMatico<\/a><\/small><\/p>\n","protected":false},"excerpt":{"rendered":"<p>Polizeidirektion Bad Kreuznach [Newsroom]Spall (ots) &#8211; In der Zeit von Samstag, den 19.11.2022, 18.45 Uhr bis Sonntag, den 20.11.2022, 15.15 Uhr kam es zu einem Wohnungseinbruch in ein Einfamilienhaus im Bereich der Gr\u00e4fenbachstra\u00dfe. Die bislang unbekannten T\u00e4ter nutzten die Abwesenheit &#8230; Lesen Sie hier weiter&#8230; Original-Content von: Polizeidirektion Bad Kreuznach, \u00fcbermittelt durch news aktuell Powered [&hellip;]<\/p>\n","protected":false},"author":1,"featured_media":0,"comment_status":"closed","ping_status":"closed","sticky":false,"template":"","format":"standard","meta":{"footnotes":""},"categories":[7],"tags":[8],"class_list":["post-7399","post","type-post","status-publish","format-standard","hentry","category-presseportal","tag-presseportal"],"_links":{"self":[{"href":"https:\/\/timeline-kreuznach.de\/en\/wp-json\/wp\/v2\/posts\/7399","targetHints":{"allow":["GET"]}}],"collection":[{"href":"https:\/\/timeline-kreuznach.de\/en\/wp-json\/wp\/v2\/posts"}],"about":[{"href":"https:\/\/timeline-kreuznach.de\/en\/wp-json\/wp\/v2\/types\/post"}],"author":[{"embeddable":true,"href":"https:\/\/timeline-kreuznach.de\/en\/wp-json\/wp\/v2\/users\/1"}],"replies":[{"embeddable":true,"href":"https:\/\/timeline-kreuznach.de\/en\/wp-json\/wp\/v2\/comments?post=7399"}],"version-history":[{"count":0,"href":"https:\/\/timeline-kreuznach.de\/en\/wp-json\/wp\/v2\/posts\/7399\/revisions"}],"wp:attachment":[{"href":"https:\/\/timeline-kreuznach.de\/en\/wp-json\/wp\/v2\/media?parent=7399"}],"wp:term":[{"taxonomy":"category","embeddable":true,"href":"https:\/\/timeline-kreuznach.de\/en\/wp-json\/wp\/v2\/categories?post=7399"},{"taxonomy":"post_tag","embeddable":true,"href":"https:\/\/timeline-kreuznach.de\/en\/wp-json\/wp\/v2\/tags?post=7399"}],"curies":[{"name":"wp","href":"https:\/\/api.w.org\/{rel}","templated":true}]}}