{"id":6671,"date":"2022-07-11T03:00:53","date_gmt":"2022-07-11T03:00:53","guid":{"rendered":"http:\/\/timeline-kreuznach.de\/pol-pdmy-strassenverkehrsgefaehrdung-gefaehrliche-ueberholmanoever-durch-pkw-mit-britischer-zulassung"},"modified":"2022-07-11T03:00:53","modified_gmt":"2022-07-11T03:00:53","slug":"pol-pdmy-strassenverkehrsgefaehrdung-gefaehrliche-ueberholmanoever-durch-pkw-mit-britischer-zulassung","status":"publish","type":"post","link":"https:\/\/timeline-kreuznach.de\/en\/pol-pdmy-strassenverkehrsgefaehrdung-gefaehrliche-ueberholmanoever-durch-pkw-mit-britischer-zulassung","title":{"rendered":"POL-PDMY: Road traffic hazard \/ Dangerous overtaking maneuvers by car with British registration"},"content":{"rendered":"<div><b>Polizeidirektion Mayen<\/b> [<a href=\"https:\/\/www.presseportal.de\/blaulicht\/pm\/117711\/5269523\">Newsroom<\/a>]<br \/>Adenau (ots) &#8211; Am 10.07.2022 gegen 19:05 Uhr befuhr die Gesch\u00e4digte die L 92 von N\u00fcrburg kommend in Fahrtrichtung Adenau. An einer un\u00fcbersichtlichen Stelle wurde sie von einem PKW, schwarzer VW GTI mit britischer Zulassung, \u00fcberholt. Nur &#8230; <a href=\"https:\/\/www.presseportal.de\/blaulicht\/pm\/117711\/5269523\">Lesen Sie hier weiter&#8230;<\/a><br clear=\"all\"><\/p>\n<p><small>Original-Content von: Polizeidirektion Mayen, \u00fcbermittelt durch news aktuell<\/small><\/p>\n<\/div>\n<p class=\"wpematico_credit\"><small>Powered by <a href=\"http:\/\/www.wpematico.com\" target=\"_blank\" rel=\"noopener noreferrer\">WPeMatico<\/a><\/small><\/p>\n","protected":false},"excerpt":{"rendered":"<p>Polizeidirektion Mayen [Newsroom]Adenau (ots) &#8211; Am 10.07.2022 gegen 19:05 Uhr befuhr die Gesch\u00e4digte die L 92 von N\u00fcrburg kommend in Fahrtrichtung Adenau. An einer un\u00fcbersichtlichen Stelle wurde sie von einem PKW, schwarzer VW GTI mit britischer Zulassung, \u00fcberholt. Nur &#8230; Lesen Sie hier weiter&#8230; Original-Content von: Polizeidirektion Mayen, \u00fcbermittelt durch news aktuell Powered by WPeMatico<\/p>\n","protected":false},"author":1,"featured_media":0,"comment_status":"closed","ping_status":"closed","sticky":false,"template":"","format":"standard","meta":{"footnotes":""},"categories":[1],"tags":[],"class_list":["post-6671","post","type-post","status-publish","format-standard","hentry","category-uncategorized"],"_links":{"self":[{"href":"https:\/\/timeline-kreuznach.de\/en\/wp-json\/wp\/v2\/posts\/6671","targetHints":{"allow":["GET"]}}],"collection":[{"href":"https:\/\/timeline-kreuznach.de\/en\/wp-json\/wp\/v2\/posts"}],"about":[{"href":"https:\/\/timeline-kreuznach.de\/en\/wp-json\/wp\/v2\/types\/post"}],"author":[{"embeddable":true,"href":"https:\/\/timeline-kreuznach.de\/en\/wp-json\/wp\/v2\/users\/1"}],"replies":[{"embeddable":true,"href":"https:\/\/timeline-kreuznach.de\/en\/wp-json\/wp\/v2\/comments?post=6671"}],"version-history":[{"count":0,"href":"https:\/\/timeline-kreuznach.de\/en\/wp-json\/wp\/v2\/posts\/6671\/revisions"}],"wp:attachment":[{"href":"https:\/\/timeline-kreuznach.de\/en\/wp-json\/wp\/v2\/media?parent=6671"}],"wp:term":[{"taxonomy":"category","embeddable":true,"href":"https:\/\/timeline-kreuznach.de\/en\/wp-json\/wp\/v2\/categories?post=6671"},{"taxonomy":"post_tag","embeddable":true,"href":"https:\/\/timeline-kreuznach.de\/en\/wp-json\/wp\/v2\/tags?post=6671"}],"curies":[{"name":"wp","href":"https:\/\/api.w.org\/{rel}","templated":true}]}}