{"id":6046,"date":"2022-02-28T03:00:28","date_gmt":"2022-02-28T03:00:28","guid":{"rendered":"http:\/\/timeline-kreuznach.de\/pol-pdps-verkehrsschilder-mutwillig-beschaedigt"},"modified":"2022-02-28T03:00:28","modified_gmt":"2022-02-28T03:00:28","slug":"pol-pdps-verkehrsschilder-mutwillig-beschaedigt","status":"publish","type":"post","link":"https:\/\/timeline-kreuznach.de\/en\/pol-pdps-verkehrsschilder-mutwillig-beschaedigt","title":{"rendered":"POL-PDPS: Traffic signs vandalized"},"content":{"rendered":"<div><b>Polizeidirektion Pirmasens<\/b> [<a href=\"https:\/\/www.presseportal.de\/blaulicht\/pm\/117677\/5157746\">Newsroom<\/a>]<\/p>\n<div style=\"float:left;margin:5px 10px 0px 0px\"><a href=\"https:\/\/www.presseportal.de\/blaulicht\/nr\/117677\"><img decoding=\"async\" src=\"https:\/\/cache.pressmailing.net\/thumbnail\/story_small\/426cf587-3344-43a7-b16a-ba13c0dc0bc4\/IMG_6106.jpeg\" width=\"110\" border=\"0\"><\/a><\/div>\n<p>Rieschweiler-M\u00fchlbach (ots) &#8211; Am Freitag, den 25.02.2022, in der Zeit von 20:00 &#8211; 22:00 Uhr, wurden in der Stra\u00dfe &#8222;Im Hechtloch&#8220; in Rieschweiler-M\u00fchlbach zwei Verkehrszeichen, die u.a. auf den Bahn\u00fcbergang hinweisen, umgeworfen. Die &#8230; <a href=\"https:\/\/www.presseportal.de\/blaulicht\/pm\/117677\/5157746\">Lesen Sie hier weiter&#8230;<\/a><br clear=\"all\"><\/p>\n<p><small>Original-Content von: Polizeidirektion Pirmasens, \u00fcbermittelt durch news aktuell<\/small><\/p>\n<\/div>\n<p class=\"wpematico_credit\"><small>Powered by <a href=\"http:\/\/www.wpematico.com\" target=\"_blank\" rel=\"noopener noreferrer\">WPeMatico<\/a><\/small><\/p>\n","protected":false},"excerpt":{"rendered":"<p>Polizeidirektion Pirmasens [Newsroom] Rieschweiler-M\u00fchlbach (ots) &#8211; Am Freitag, den 25.02.2022, in der Zeit von 20:00 &#8211; 22:00 Uhr, wurden in der Stra\u00dfe &#8222;Im Hechtloch&#8220; in Rieschweiler-M\u00fchlbach zwei Verkehrszeichen, die u.a. auf den Bahn\u00fcbergang hinweisen, umgeworfen. Die &#8230; Lesen Sie hier weiter&#8230; Original-Content von: Polizeidirektion Pirmasens, \u00fcbermittelt durch news aktuell Powered by WPeMatico<\/p>\n","protected":false},"author":1,"featured_media":0,"comment_status":"closed","ping_status":"closed","sticky":false,"template":"","format":"standard","meta":{"footnotes":""},"categories":[1],"tags":[],"class_list":["post-6046","post","type-post","status-publish","format-standard","hentry","category-uncategorized"],"_links":{"self":[{"href":"https:\/\/timeline-kreuznach.de\/en\/wp-json\/wp\/v2\/posts\/6046","targetHints":{"allow":["GET"]}}],"collection":[{"href":"https:\/\/timeline-kreuznach.de\/en\/wp-json\/wp\/v2\/posts"}],"about":[{"href":"https:\/\/timeline-kreuznach.de\/en\/wp-json\/wp\/v2\/types\/post"}],"author":[{"embeddable":true,"href":"https:\/\/timeline-kreuznach.de\/en\/wp-json\/wp\/v2\/users\/1"}],"replies":[{"embeddable":true,"href":"https:\/\/timeline-kreuznach.de\/en\/wp-json\/wp\/v2\/comments?post=6046"}],"version-history":[{"count":0,"href":"https:\/\/timeline-kreuznach.de\/en\/wp-json\/wp\/v2\/posts\/6046\/revisions"}],"wp:attachment":[{"href":"https:\/\/timeline-kreuznach.de\/en\/wp-json\/wp\/v2\/media?parent=6046"}],"wp:term":[{"taxonomy":"category","embeddable":true,"href":"https:\/\/timeline-kreuznach.de\/en\/wp-json\/wp\/v2\/categories?post=6046"},{"taxonomy":"post_tag","embeddable":true,"href":"https:\/\/timeline-kreuznach.de\/en\/wp-json\/wp\/v2\/tags?post=6046"}],"curies":[{"name":"wp","href":"https:\/\/api.w.org\/{rel}","templated":true}]}}