{"id":5764,"date":"2021-12-29T03:02:17","date_gmt":"2021-12-29T03:02:17","guid":{"rendered":"http:\/\/timeline-kreuznach.de\/pol-pdtr-diebstahl-von-selbst-geschnitzten-holzfiguren"},"modified":"2021-12-29T03:02:17","modified_gmt":"2021-12-29T03:02:17","slug":"pol-pdtr-diebstahl-von-selbst-geschnitzten-holzfiguren","status":"publish","type":"post","link":"https:\/\/timeline-kreuznach.de\/en\/pol-pdtr-diebstahl-von-selbst-geschnitzten-holzfiguren","title":{"rendered":"POL-PDTR: Theft of self-carved wooden figures"},"content":{"rendered":"<div><b>Polizeidirektion Trier<\/b> [<a href=\"https:\/\/www.presseportal.de\/blaulicht\/pm\/117698\/5109713\">Newsroom<\/a>]<br \/>Neuh\u00fctten (ots) &#8211; In der Zeit von Freitag, 24.12.2021, 22:00 Uhr, bis Samstag, 25.12.2021, 11:30 Uhr, wurden durch unbekannte T\u00e4ter in der Dollbergstra\u00dfe in Neuh\u00fctten zwei selbst geschnitzte Reh\/Hirsch-Holzfiguren entwendet. Die Holzfiguren im &#8230; <a href=\"https:\/\/www.presseportal.de\/blaulicht\/pm\/117698\/5109713\">Lesen Sie hier weiter&#8230;<\/a><br clear=\"all\"><\/p>\n<p><small>Original-Content von: Polizeidirektion Trier, \u00fcbermittelt durch news aktuell<\/small><\/p>\n<\/div>\n<p class=\"wpematico_credit\"><small>Powered by <a href=\"http:\/\/www.wpematico.com\" target=\"_blank\" rel=\"noopener noreferrer\">WPeMatico<\/a><\/small><\/p>\n","protected":false},"excerpt":{"rendered":"<p>Polizeidirektion Trier [Newsroom]Neuh\u00fctten (ots) &#8211; In der Zeit von Freitag, 24.12.2021, 22:00 Uhr, bis Samstag, 25.12.2021, 11:30 Uhr, wurden durch unbekannte T\u00e4ter in der Dollbergstra\u00dfe in Neuh\u00fctten zwei selbst geschnitzte Reh\/Hirsch-Holzfiguren entwendet. Die Holzfiguren im &#8230; Lesen Sie hier weiter&#8230; Original-Content von: Polizeidirektion Trier, \u00fcbermittelt durch news aktuell Powered by WPeMatico<\/p>\n","protected":false},"author":1,"featured_media":0,"comment_status":"closed","ping_status":"closed","sticky":false,"template":"","format":"standard","meta":{"footnotes":""},"categories":[1],"tags":[],"class_list":["post-5764","post","type-post","status-publish","format-standard","hentry","category-uncategorized"],"_links":{"self":[{"href":"https:\/\/timeline-kreuznach.de\/en\/wp-json\/wp\/v2\/posts\/5764","targetHints":{"allow":["GET"]}}],"collection":[{"href":"https:\/\/timeline-kreuznach.de\/en\/wp-json\/wp\/v2\/posts"}],"about":[{"href":"https:\/\/timeline-kreuznach.de\/en\/wp-json\/wp\/v2\/types\/post"}],"author":[{"embeddable":true,"href":"https:\/\/timeline-kreuznach.de\/en\/wp-json\/wp\/v2\/users\/1"}],"replies":[{"embeddable":true,"href":"https:\/\/timeline-kreuznach.de\/en\/wp-json\/wp\/v2\/comments?post=5764"}],"version-history":[{"count":0,"href":"https:\/\/timeline-kreuznach.de\/en\/wp-json\/wp\/v2\/posts\/5764\/revisions"}],"wp:attachment":[{"href":"https:\/\/timeline-kreuznach.de\/en\/wp-json\/wp\/v2\/media?parent=5764"}],"wp:term":[{"taxonomy":"category","embeddable":true,"href":"https:\/\/timeline-kreuznach.de\/en\/wp-json\/wp\/v2\/categories?post=5764"},{"taxonomy":"post_tag","embeddable":true,"href":"https:\/\/timeline-kreuznach.de\/en\/wp-json\/wp\/v2\/tags?post=5764"}],"curies":[{"name":"wp","href":"https:\/\/api.w.org\/{rel}","templated":true}]}}