{"id":5735,"date":"2021-12-23T03:00:45","date_gmt":"2021-12-23T03:00:45","guid":{"rendered":"http:\/\/timeline-kreuznach.de\/pol-pdnr-polenboeller-zerstoert-briefkasten"},"modified":"2021-12-23T03:00:45","modified_gmt":"2021-12-23T03:00:45","slug":"pol-pdnr-polenboeller-zerstoert-briefkasten","status":"publish","type":"post","link":"https:\/\/timeline-kreuznach.de\/en\/pol-pdnr-polenboeller-zerstoert-briefkasten","title":{"rendered":"POL-PDNR: \"Polish firecracker\" destroys letterbox"},"content":{"rendered":"<div><b>Polizeidirektion Neuwied\/Rhein<\/b> [<a href=\"https:\/\/www.presseportal.de\/blaulicht\/pm\/117709\/5106513\">Newsroom<\/a>]<br \/>Neuwied (ots) &#8211; Am sp\u00e4ten Abend des 22.12.2021 kam es im Ortskern in Hilgenroth zu einer Sprengstoffexplosion. Durch unbekannte T\u00e4ter wurde ein Briefkasten, vermutlich mittels eines sogenannten &#8222;Pollenb\u00f6llers&#8220;, komplett zerst\u00f6rt. Der Briefkasten &#8230; <a href=\"https:\/\/www.presseportal.de\/blaulicht\/pm\/117709\/5106513\">Lesen Sie hier weiter&#8230;<\/a><br clear=\"all\"><\/p>\n<p><small>Original-Content von: Polizeidirektion Neuwied\/Rhein, \u00fcbermittelt durch news aktuell<\/small><\/p>\n<\/div>\n<p class=\"wpematico_credit\"><small>Powered by <a href=\"http:\/\/www.wpematico.com\" target=\"_blank\" rel=\"noopener noreferrer\">WPeMatico<\/a><\/small><\/p>\n","protected":false},"excerpt":{"rendered":"<p>Polizeidirektion Neuwied\/Rhein [Newsroom]Neuwied (ots) &#8211; Am sp\u00e4ten Abend des 22.12.2021 kam es im Ortskern in Hilgenroth zu einer Sprengstoffexplosion. Durch unbekannte T\u00e4ter wurde ein Briefkasten, vermutlich mittels eines sogenannten &#8222;Pollenb\u00f6llers&#8220;, komplett zerst\u00f6rt. Der Briefkasten &#8230; Lesen Sie hier weiter&#8230; Original-Content von: Polizeidirektion Neuwied\/Rhein, \u00fcbermittelt durch news aktuell Powered by WPeMatico<\/p>\n","protected":false},"author":1,"featured_media":0,"comment_status":"closed","ping_status":"closed","sticky":false,"template":"","format":"standard","meta":{"footnotes":""},"categories":[1],"tags":[],"class_list":["post-5735","post","type-post","status-publish","format-standard","hentry","category-uncategorized"],"_links":{"self":[{"href":"https:\/\/timeline-kreuznach.de\/en\/wp-json\/wp\/v2\/posts\/5735","targetHints":{"allow":["GET"]}}],"collection":[{"href":"https:\/\/timeline-kreuznach.de\/en\/wp-json\/wp\/v2\/posts"}],"about":[{"href":"https:\/\/timeline-kreuznach.de\/en\/wp-json\/wp\/v2\/types\/post"}],"author":[{"embeddable":true,"href":"https:\/\/timeline-kreuznach.de\/en\/wp-json\/wp\/v2\/users\/1"}],"replies":[{"embeddable":true,"href":"https:\/\/timeline-kreuznach.de\/en\/wp-json\/wp\/v2\/comments?post=5735"}],"version-history":[{"count":0,"href":"https:\/\/timeline-kreuznach.de\/en\/wp-json\/wp\/v2\/posts\/5735\/revisions"}],"wp:attachment":[{"href":"https:\/\/timeline-kreuznach.de\/en\/wp-json\/wp\/v2\/media?parent=5735"}],"wp:term":[{"taxonomy":"category","embeddable":true,"href":"https:\/\/timeline-kreuznach.de\/en\/wp-json\/wp\/v2\/categories?post=5735"},{"taxonomy":"post_tag","embeddable":true,"href":"https:\/\/timeline-kreuznach.de\/en\/wp-json\/wp\/v2\/tags?post=5735"}],"curies":[{"name":"wp","href":"https:\/\/api.w.org\/{rel}","templated":true}]}}