{"id":5707,"date":"2021-12-19T03:05:28","date_gmt":"2021-12-19T03:05:28","guid":{"rendered":"http:\/\/timeline-kreuznach.de\/pol-ppko-versammlungen-demonstrationen-in-koblenz"},"modified":"2021-12-19T03:05:28","modified_gmt":"2021-12-19T03:05:28","slug":"pol-ppko-versammlungen-demonstrationen-in-koblenz","status":"publish","type":"post","link":"https:\/\/timeline-kreuznach.de\/en\/pol-ppko-versammlungen-demonstrationen-in-koblenz","title":{"rendered":"POL-PPKO: Assemblies\/demonstrations in Koblenz"},"content":{"rendered":"<div><b>Polizeipr\u00e4sidium Koblenz<\/b> [<a href=\"https:\/\/www.presseportal.de\/blaulicht\/pm\/117715\/5103100\">Newsroom<\/a>]<br \/>Koblenz (ots) &#8211; Am Samstag, 18.12.2021, wurden bei der Versammlungsbeh\u00f6rde in Koblenz zwei Versammlungen angemeldet. Eine von 14:00 &#8211; 15:00 Uhr vor der Herz-Jesu-Kirche sowie ein Infostand der Partei &#8222;die Basis&#8220; von 15-17 Uhr auf dem L\u00f6hrrondell. &#8230; <a href=\"https:\/\/www.presseportal.de\/blaulicht\/pm\/117715\/5103100\">Lesen Sie hier weiter&#8230;<\/a><br clear=\"all\"><\/p>\n<p><small>Original-Content von: Polizeipr\u00e4sidium Koblenz, \u00fcbermittelt durch news aktuell<\/small><\/p>\n<\/div>\n<p class=\"wpematico_credit\"><small>Powered by <a href=\"http:\/\/www.wpematico.com\" target=\"_blank\" rel=\"noopener noreferrer\">WPeMatico<\/a><\/small><\/p>\n","protected":false},"excerpt":{"rendered":"<p>Polizeipr\u00e4sidium Koblenz [Newsroom]Koblenz (ots) &#8211; Am Samstag, 18.12.2021, wurden bei der Versammlungsbeh\u00f6rde in Koblenz zwei Versammlungen angemeldet. Eine von 14:00 &#8211; 15:00 Uhr vor der Herz-Jesu-Kirche sowie ein Infostand der Partei &#8222;die Basis&#8220; von 15-17 Uhr auf dem L\u00f6hrrondell. &#8230; Lesen Sie hier weiter&#8230; Original-Content von: Polizeipr\u00e4sidium Koblenz, \u00fcbermittelt durch news aktuell Powered by WPeMatico<\/p>\n","protected":false},"author":1,"featured_media":0,"comment_status":"closed","ping_status":"closed","sticky":false,"template":"","format":"standard","meta":{"footnotes":""},"categories":[1],"tags":[],"class_list":["post-5707","post","type-post","status-publish","format-standard","hentry","category-uncategorized"],"_links":{"self":[{"href":"https:\/\/timeline-kreuznach.de\/en\/wp-json\/wp\/v2\/posts\/5707","targetHints":{"allow":["GET"]}}],"collection":[{"href":"https:\/\/timeline-kreuznach.de\/en\/wp-json\/wp\/v2\/posts"}],"about":[{"href":"https:\/\/timeline-kreuznach.de\/en\/wp-json\/wp\/v2\/types\/post"}],"author":[{"embeddable":true,"href":"https:\/\/timeline-kreuznach.de\/en\/wp-json\/wp\/v2\/users\/1"}],"replies":[{"embeddable":true,"href":"https:\/\/timeline-kreuznach.de\/en\/wp-json\/wp\/v2\/comments?post=5707"}],"version-history":[{"count":0,"href":"https:\/\/timeline-kreuznach.de\/en\/wp-json\/wp\/v2\/posts\/5707\/revisions"}],"wp:attachment":[{"href":"https:\/\/timeline-kreuznach.de\/en\/wp-json\/wp\/v2\/media?parent=5707"}],"wp:term":[{"taxonomy":"category","embeddable":true,"href":"https:\/\/timeline-kreuznach.de\/en\/wp-json\/wp\/v2\/categories?post=5707"},{"taxonomy":"post_tag","embeddable":true,"href":"https:\/\/timeline-kreuznach.de\/en\/wp-json\/wp\/v2\/tags?post=5707"}],"curies":[{"name":"wp","href":"https:\/\/api.w.org\/{rel}","templated":true}]}}