{"id":5705,"date":"2021-12-19T03:05:26","date_gmt":"2021-12-19T03:05:26","guid":{"rendered":"http:\/\/timeline-kreuznach.de\/pol-pdwil-unfallflucht"},"modified":"2021-12-19T03:05:26","modified_gmt":"2021-12-19T03:05:26","slug":"pol-pdwil-unfallflucht","status":"publish","type":"post","link":"https:\/\/timeline-kreuznach.de\/en\/pol-pdwil-unfallflucht","title":{"rendered":"POL-PDWIL: Hit-and-run accident"},"content":{"rendered":"<div><b>Polizeidirektion Wittlich<\/b> [<a href=\"https:\/\/www.presseportal.de\/blaulicht\/pm\/117697\/5103096\">Newsroom<\/a>]<\/p>\n<div style=\"float:left;margin:5px 10px 0px 0px\"><a href=\"https:\/\/www.presseportal.de\/blaulicht\/nr\/117697\"><img decoding=\"async\" src=\"https:\/\/cache.pressmailing.net\/thumbnail\/story_small\/7537a9ec-dd33-4c03-b57f-86fe65bc22a2\/cdv_photo_1639836911.jpg\" width=\"110\" border=\"0\"><\/a><\/div>\n<p>Stadtkyll (ots) &#8211; Ein unbekannter PKW-Fahrer befuhr im Zeitraum vom 16.12.2021 bis zum 18.12.2021 die Kerschenbacher Stra\u00dfe in Stadtkyll und wollte vermutlich nach links in die Stra\u00dfe &#8222;Am Hang&#8220; abbiegen. Dabei kam er aus noch unbekannten Gr\u00fcnden &#8230; <a href=\"https:\/\/www.presseportal.de\/blaulicht\/pm\/117697\/5103096\">Lesen Sie hier weiter&#8230;<\/a><br clear=\"all\"><\/p>\n<p><small>Original-Content von: Polizeidirektion Wittlich, \u00fcbermittelt durch news aktuell<\/small><\/p>\n<\/div>\n<p class=\"wpematico_credit\"><small>Powered by <a href=\"http:\/\/www.wpematico.com\" target=\"_blank\" rel=\"noopener noreferrer\">WPeMatico<\/a><\/small><\/p>\n","protected":false},"excerpt":{"rendered":"<p>Polizeidirektion Wittlich [Newsroom] Stadtkyll (ots) &#8211; Ein unbekannter PKW-Fahrer befuhr im Zeitraum vom 16.12.2021 bis zum 18.12.2021 die Kerschenbacher Stra\u00dfe in Stadtkyll und wollte vermutlich nach links in die Stra\u00dfe &#8222;Am Hang&#8220; abbiegen. Dabei kam er aus noch unbekannten Gr\u00fcnden &#8230; Lesen Sie hier weiter&#8230; Original-Content von: Polizeidirektion Wittlich, \u00fcbermittelt durch news aktuell Powered by [&hellip;]<\/p>\n","protected":false},"author":1,"featured_media":0,"comment_status":"closed","ping_status":"closed","sticky":false,"template":"","format":"standard","meta":{"footnotes":""},"categories":[1],"tags":[],"class_list":["post-5705","post","type-post","status-publish","format-standard","hentry","category-uncategorized"],"_links":{"self":[{"href":"https:\/\/timeline-kreuznach.de\/en\/wp-json\/wp\/v2\/posts\/5705","targetHints":{"allow":["GET"]}}],"collection":[{"href":"https:\/\/timeline-kreuznach.de\/en\/wp-json\/wp\/v2\/posts"}],"about":[{"href":"https:\/\/timeline-kreuznach.de\/en\/wp-json\/wp\/v2\/types\/post"}],"author":[{"embeddable":true,"href":"https:\/\/timeline-kreuznach.de\/en\/wp-json\/wp\/v2\/users\/1"}],"replies":[{"embeddable":true,"href":"https:\/\/timeline-kreuznach.de\/en\/wp-json\/wp\/v2\/comments?post=5705"}],"version-history":[{"count":0,"href":"https:\/\/timeline-kreuznach.de\/en\/wp-json\/wp\/v2\/posts\/5705\/revisions"}],"wp:attachment":[{"href":"https:\/\/timeline-kreuznach.de\/en\/wp-json\/wp\/v2\/media?parent=5705"}],"wp:term":[{"taxonomy":"category","embeddable":true,"href":"https:\/\/timeline-kreuznach.de\/en\/wp-json\/wp\/v2\/categories?post=5705"},{"taxonomy":"post_tag","embeddable":true,"href":"https:\/\/timeline-kreuznach.de\/en\/wp-json\/wp\/v2\/tags?post=5705"}],"curies":[{"name":"wp","href":"https:\/\/api.w.org\/{rel}","templated":true}]}}