{"id":5701,"date":"2021-12-18T03:05:21","date_gmt":"2021-12-18T03:05:21","guid":{"rendered":"http:\/\/timeline-kreuznach.de\/pol-ppwp-impf-und-personalausweis-weg"},"modified":"2021-12-18T03:05:21","modified_gmt":"2021-12-18T03:05:21","slug":"pol-ppwp-impf-und-personalausweis-weg","status":"publish","type":"post","link":"https:\/\/timeline-kreuznach.de\/en\/pol-ppwp-impf-und-personalausweis-weg","title":{"rendered":"POL-PPWP: Vaccination card and identity card gone"},"content":{"rendered":"<div><b>Polizeipr\u00e4sidium Westpfalz<\/b> [<a href=\"https:\/\/www.presseportal.de\/blaulicht\/pm\/117683\/5102772\">Newsroom<\/a>]<br \/>Kaiserslautern (ots) &#8211; Ein 73-J\u00e4hriger ist Opfer von Dieben geworden. Als der Mann am Dienstag in der Steinstra\u00dfe in einem Caf\u00e9 sa\u00df, hatte er seinen Impfpass und den Personalausweis auf den Tisch gelegt. Gegen 15 Uhr verlie\u00df der Senior das &#8230; <a href=\"https:\/\/www.presseportal.de\/blaulicht\/pm\/117683\/5102772\">Lesen Sie hier weiter&#8230;<\/a><br clear=\"all\"><\/p>\n<p><small>Original-Content von: Polizeipr\u00e4sidium Westpfalz, \u00fcbermittelt durch news aktuell<\/small><\/p>\n<\/div>\n<p class=\"wpematico_credit\"><small>Powered by <a href=\"http:\/\/www.wpematico.com\" target=\"_blank\" rel=\"noopener noreferrer\">WPeMatico<\/a><\/small><\/p>\n","protected":false},"excerpt":{"rendered":"<p>Polizeipr\u00e4sidium Westpfalz [Newsroom]Kaiserslautern (ots) &#8211; Ein 73-J\u00e4hriger ist Opfer von Dieben geworden. Als der Mann am Dienstag in der Steinstra\u00dfe in einem Caf\u00e9 sa\u00df, hatte er seinen Impfpass und den Personalausweis auf den Tisch gelegt. Gegen 15 Uhr verlie\u00df der Senior das &#8230; Lesen Sie hier weiter&#8230; Original-Content von: Polizeipr\u00e4sidium Westpfalz, \u00fcbermittelt durch news aktuell [&hellip;]<\/p>\n","protected":false},"author":1,"featured_media":0,"comment_status":"closed","ping_status":"closed","sticky":false,"template":"","format":"standard","meta":{"footnotes":""},"categories":[1],"tags":[],"class_list":["post-5701","post","type-post","status-publish","format-standard","hentry","category-uncategorized"],"_links":{"self":[{"href":"https:\/\/timeline-kreuznach.de\/en\/wp-json\/wp\/v2\/posts\/5701","targetHints":{"allow":["GET"]}}],"collection":[{"href":"https:\/\/timeline-kreuznach.de\/en\/wp-json\/wp\/v2\/posts"}],"about":[{"href":"https:\/\/timeline-kreuznach.de\/en\/wp-json\/wp\/v2\/types\/post"}],"author":[{"embeddable":true,"href":"https:\/\/timeline-kreuznach.de\/en\/wp-json\/wp\/v2\/users\/1"}],"replies":[{"embeddable":true,"href":"https:\/\/timeline-kreuznach.de\/en\/wp-json\/wp\/v2\/comments?post=5701"}],"version-history":[{"count":0,"href":"https:\/\/timeline-kreuznach.de\/en\/wp-json\/wp\/v2\/posts\/5701\/revisions"}],"wp:attachment":[{"href":"https:\/\/timeline-kreuznach.de\/en\/wp-json\/wp\/v2\/media?parent=5701"}],"wp:term":[{"taxonomy":"category","embeddable":true,"href":"https:\/\/timeline-kreuznach.de\/en\/wp-json\/wp\/v2\/categories?post=5701"},{"taxonomy":"post_tag","embeddable":true,"href":"https:\/\/timeline-kreuznach.de\/en\/wp-json\/wp\/v2\/tags?post=5701"}],"curies":[{"name":"wp","href":"https:\/\/api.w.org\/{rel}","templated":true}]}}