{"id":5675,"date":"2021-12-14T03:00:54","date_gmt":"2021-12-14T03:00:54","guid":{"rendered":"http:\/\/timeline-kreuznach.de\/pol-pdko-vallendar-pkw-fahrer-unter-kokain-einfluss"},"modified":"2021-12-14T03:00:54","modified_gmt":"2021-12-14T03:00:54","slug":"pol-pdko-vallendar-pkw-fahrer-unter-kokain-einfluss","status":"publish","type":"post","link":"https:\/\/timeline-kreuznach.de\/en\/pol-pdko-vallendar-pkw-fahrer-unter-kokain-einfluss","title":{"rendered":"POL-PDKO: Vallendar - Car driver under the influence of cocaine"},"content":{"rendered":"<div><b>Polizeidirektion Koblenz<\/b> [<a href=\"https:\/\/www.presseportal.de\/blaulicht\/pm\/117712\/5098626\">Newsroom<\/a>]<br \/>Bendorf (ots) &#8211; Am 13.12.2021 um 22:50 Uhr wurde bei einer Verkehrskontrolle in der Rheinstra\u00dfe in Vallendar ein 33-j\u00e4hriger PKW-Fahrer aus der VG H\u00f6hr-Grenzhausen \u00fcberpr\u00fcft. Da der Fahrer drogentypische Konsumanzeichen aufwies und ein &#8230; <a href=\"https:\/\/www.presseportal.de\/blaulicht\/pm\/117712\/5098626\">Lesen Sie hier weiter&#8230;<\/a><br clear=\"all\"><\/p>\n<p><small>Original-Content von: Polizeidirektion Koblenz, \u00fcbermittelt durch news aktuell<\/small><\/p>\n<\/div>\n<p class=\"wpematico_credit\"><small>Powered by <a href=\"http:\/\/www.wpematico.com\" target=\"_blank\" rel=\"noopener noreferrer\">WPeMatico<\/a><\/small><\/p>\n","protected":false},"excerpt":{"rendered":"<p>Polizeidirektion Koblenz [Newsroom]Bendorf (ots) &#8211; Am 13.12.2021 um 22:50 Uhr wurde bei einer Verkehrskontrolle in der Rheinstra\u00dfe in Vallendar ein 33-j\u00e4hriger PKW-Fahrer aus der VG H\u00f6hr-Grenzhausen \u00fcberpr\u00fcft. Da der Fahrer drogentypische Konsumanzeichen aufwies und ein &#8230; Lesen Sie hier weiter&#8230; Original-Content von: Polizeidirektion Koblenz, \u00fcbermittelt durch news aktuell Powered by WPeMatico<\/p>\n","protected":false},"author":1,"featured_media":0,"comment_status":"closed","ping_status":"closed","sticky":false,"template":"","format":"standard","meta":{"footnotes":""},"categories":[1],"tags":[],"class_list":["post-5675","post","type-post","status-publish","format-standard","hentry","category-uncategorized"],"_links":{"self":[{"href":"https:\/\/timeline-kreuznach.de\/en\/wp-json\/wp\/v2\/posts\/5675","targetHints":{"allow":["GET"]}}],"collection":[{"href":"https:\/\/timeline-kreuznach.de\/en\/wp-json\/wp\/v2\/posts"}],"about":[{"href":"https:\/\/timeline-kreuznach.de\/en\/wp-json\/wp\/v2\/types\/post"}],"author":[{"embeddable":true,"href":"https:\/\/timeline-kreuznach.de\/en\/wp-json\/wp\/v2\/users\/1"}],"replies":[{"embeddable":true,"href":"https:\/\/timeline-kreuznach.de\/en\/wp-json\/wp\/v2\/comments?post=5675"}],"version-history":[{"count":0,"href":"https:\/\/timeline-kreuznach.de\/en\/wp-json\/wp\/v2\/posts\/5675\/revisions"}],"wp:attachment":[{"href":"https:\/\/timeline-kreuznach.de\/en\/wp-json\/wp\/v2\/media?parent=5675"}],"wp:term":[{"taxonomy":"category","embeddable":true,"href":"https:\/\/timeline-kreuznach.de\/en\/wp-json\/wp\/v2\/categories?post=5675"},{"taxonomy":"post_tag","embeddable":true,"href":"https:\/\/timeline-kreuznach.de\/en\/wp-json\/wp\/v2\/tags?post=5675"}],"curies":[{"name":"wp","href":"https:\/\/api.w.org\/{rel}","templated":true}]}}