{"id":5642,"date":"2021-12-09T03:00:58","date_gmt":"2021-12-09T03:00:58","guid":{"rendered":"http:\/\/timeline-kreuznach.de\/weihnachtsmarkt-am-samstag-im-pariser-viertel-nikolaus-kommt-zu-besuch"},"modified":"2021-12-09T03:00:58","modified_gmt":"2021-12-09T03:00:58","slug":"weihnachtsmarkt-am-samstag-im-pariser-viertel-nikolaus-kommt-zu-besuch","status":"publish","type":"post","link":"https:\/\/timeline-kreuznach.de\/en\/weihnachtsmarkt-am-samstag-im-pariser-viertel-nikolaus-kommt-zu-besuch","title":{"rendered":"Christmas market on Saturday in the Paris quarter - St. Nicholas comes to visit"},"content":{"rendered":"<div>The days are slowly getting colder and Christmas is approaching. In the Pariser Viertel, the year of events traditionally ends with the Christmas market, to which all interested parties are cordially invited. This year, the Christmas market will take place on Saturday, December 11, from 4 to 7 p.m. in the former schoolyard in front of the Quartierszentrum Pariser Viertel at Planiger Stra\u00dfe 4.<\/div>\n<p class=\"wpematico_credit\"><small>Powered by <a href=\"http:\/\/www.wpematico.com\" target=\"_blank\" rel=\"noopener noreferrer\">WPeMatico<\/a><\/small><\/p>","protected":false},"excerpt":{"rendered":"<p>Langsam werden die Tage k\u00e4lter und Weihnachten r\u00fcckt n\u00e4her. Im Pariser Viertel wird das Veranstaltungsjahr traditionell mit dem Weihnachtsmarkt abgeschlossen, zu dem alle Interessierten herzlich eingeladen sind. In diesem Jahr findet der Weihnachtsmarkt am Samstag, 11. Dezember, von 16 bis 19 Uhr auf dem ehemaligen Schulhof vor dem Quartierszentrum Pariser Viertel in der Planiger Stra\u00dfe [&hellip;]<\/p>\n","protected":false},"author":1,"featured_media":0,"comment_status":"closed","ping_status":"closed","sticky":false,"template":"","format":"standard","meta":{"footnotes":""},"categories":[5],"tags":[6],"class_list":["post-5642","post","type-post","status-publish","format-standard","hentry","category-stadtkreuznach","tag-stadtnews"],"_links":{"self":[{"href":"https:\/\/timeline-kreuznach.de\/en\/wp-json\/wp\/v2\/posts\/5642","targetHints":{"allow":["GET"]}}],"collection":[{"href":"https:\/\/timeline-kreuznach.de\/en\/wp-json\/wp\/v2\/posts"}],"about":[{"href":"https:\/\/timeline-kreuznach.de\/en\/wp-json\/wp\/v2\/types\/post"}],"author":[{"embeddable":true,"href":"https:\/\/timeline-kreuznach.de\/en\/wp-json\/wp\/v2\/users\/1"}],"replies":[{"embeddable":true,"href":"https:\/\/timeline-kreuznach.de\/en\/wp-json\/wp\/v2\/comments?post=5642"}],"version-history":[{"count":0,"href":"https:\/\/timeline-kreuznach.de\/en\/wp-json\/wp\/v2\/posts\/5642\/revisions"}],"wp:attachment":[{"href":"https:\/\/timeline-kreuznach.de\/en\/wp-json\/wp\/v2\/media?parent=5642"}],"wp:term":[{"taxonomy":"category","embeddable":true,"href":"https:\/\/timeline-kreuznach.de\/en\/wp-json\/wp\/v2\/categories?post=5642"},{"taxonomy":"post_tag","embeddable":true,"href":"https:\/\/timeline-kreuznach.de\/en\/wp-json\/wp\/v2\/tags?post=5642"}],"curies":[{"name":"wp","href":"https:\/\/api.w.org\/{rel}","templated":true}]}}