{"id":5554,"date":"2021-11-22T03:00:18","date_gmt":"2021-11-22T03:00:18","guid":{"rendered":"http:\/\/timeline-kreuznach.de\/pol-pdnw-mit-haarfarbe-mehrere-hauswaende-besprueht-zeugen-gesucht"},"modified":"2021-11-22T03:00:18","modified_gmt":"2021-11-22T03:00:18","slug":"pol-pdnw-mit-haarfarbe-mehrere-hauswaende-besprueht-zeugen-gesucht","status":"publish","type":"post","link":"https:\/\/timeline-kreuznach.de\/en\/pol-pdnw-mit-haarfarbe-mehrere-hauswaende-besprueht-zeugen-gesucht","title":{"rendered":"POL-PDNW: Several house walls sprayed with hair dye - witnesses wanted"},"content":{"rendered":"<div><b>Polizeidirektion Neustadt\/Weinstra\u00dfe<\/b> [<a href=\"https:\/\/www.presseportal.de\/blaulicht\/pm\/117687\/5078739\">Newsroom<\/a>]<\/p>\n<div style=\"float:left;margin:5px 10px 0px 0px\"><a href=\"https:\/\/www.presseportal.de\/blaulicht\/nr\/117687\"><img decoding=\"async\" src=\"https:\/\/cache.pressmailing.net\/thumbnail\/story_small\/476333c5-be2a-499d-bf15-8ff6d33da7fd\/Tatobjekt.jpg\" width=\"110\" border=\"0\"><\/a><\/div>\n<p>Ha\u00dfloch (ots) &#8211; Am Nachmittag des 20.11.2021 in der Zeit zwischen 16:00 Uhr und 18:45 Uhr wurden durch noch unbekannte Personen im M\u00fchlpfad mehrere Hausw\u00e4nde, Verteilerk\u00e4sten, Autos und die Fahrbahn mit roter Farbe bespr\u00fcht. Es wurden Worte, &#8230; <a href=\"https:\/\/www.presseportal.de\/blaulicht\/pm\/117687\/5078739\">Lesen Sie hier weiter&#8230;<\/a><br clear=\"all\"><\/p>\n<p><small>Original-Content von: Polizeidirektion Neustadt\/Weinstra\u00dfe, \u00fcbermittelt durch news aktuell<\/small><\/p>\n<\/div>\n<p class=\"wpematico_credit\"><small>Powered by <a href=\"http:\/\/www.wpematico.com\" target=\"_blank\" rel=\"noopener noreferrer\">WPeMatico<\/a><\/small><\/p>\n","protected":false},"excerpt":{"rendered":"<p>Polizeidirektion Neustadt\/Weinstra\u00dfe [Newsroom] Ha\u00dfloch (ots) &#8211; Am Nachmittag des 20.11.2021 in der Zeit zwischen 16:00 Uhr und 18:45 Uhr wurden durch noch unbekannte Personen im M\u00fchlpfad mehrere Hausw\u00e4nde, Verteilerk\u00e4sten, Autos und die Fahrbahn mit roter Farbe bespr\u00fcht. Es wurden Worte, &#8230; Lesen Sie hier weiter&#8230; Original-Content von: Polizeidirektion Neustadt\/Weinstra\u00dfe, \u00fcbermittelt durch news aktuell Powered by [&hellip;]<\/p>\n","protected":false},"author":1,"featured_media":0,"comment_status":"closed","ping_status":"closed","sticky":false,"template":"","format":"standard","meta":{"footnotes":""},"categories":[1],"tags":[],"class_list":["post-5554","post","type-post","status-publish","format-standard","hentry","category-uncategorized"],"_links":{"self":[{"href":"https:\/\/timeline-kreuznach.de\/en\/wp-json\/wp\/v2\/posts\/5554","targetHints":{"allow":["GET"]}}],"collection":[{"href":"https:\/\/timeline-kreuznach.de\/en\/wp-json\/wp\/v2\/posts"}],"about":[{"href":"https:\/\/timeline-kreuznach.de\/en\/wp-json\/wp\/v2\/types\/post"}],"author":[{"embeddable":true,"href":"https:\/\/timeline-kreuznach.de\/en\/wp-json\/wp\/v2\/users\/1"}],"replies":[{"embeddable":true,"href":"https:\/\/timeline-kreuznach.de\/en\/wp-json\/wp\/v2\/comments?post=5554"}],"version-history":[{"count":0,"href":"https:\/\/timeline-kreuznach.de\/en\/wp-json\/wp\/v2\/posts\/5554\/revisions"}],"wp:attachment":[{"href":"https:\/\/timeline-kreuznach.de\/en\/wp-json\/wp\/v2\/media?parent=5554"}],"wp:term":[{"taxonomy":"category","embeddable":true,"href":"https:\/\/timeline-kreuznach.de\/en\/wp-json\/wp\/v2\/categories?post=5554"},{"taxonomy":"post_tag","embeddable":true,"href":"https:\/\/timeline-kreuznach.de\/en\/wp-json\/wp\/v2\/tags?post=5554"}],"curies":[{"name":"wp","href":"https:\/\/api.w.org\/{rel}","templated":true}]}}