{"id":5393,"date":"2021-10-23T03:01:09","date_gmt":"2021-10-23T03:01:09","guid":{"rendered":"http:\/\/timeline-kreuznach.de\/pol-pdwil-fahren-unter-alkoholeinwirkung-und-ohne-gueltige-fahrerlaubnis"},"modified":"2021-10-23T03:01:09","modified_gmt":"2021-10-23T03:01:09","slug":"pol-pdwil-fahren-unter-alkoholeinwirkung-und-ohne-gueltige-fahrerlaubnis","status":"publish","type":"post","link":"https:\/\/timeline-kreuznach.de\/en\/pol-pdwil-fahren-unter-alkoholeinwirkung-und-ohne-gueltige-fahrerlaubnis","title":{"rendered":"POL-PDWIL: Driving under the influence of alcohol and without a valid driver's license"},"content":{"rendered":"<div><b>Polizeidirektion Wittlich<\/b> [<a href=\"https:\/\/www.presseportal.de\/blaulicht\/pm\/117697\/5053887\">Newsroom<\/a>]<br \/>Wittlich (ots) &#8211; Am Samstag, 23.10.2021, gegen 00.45 Uhr, wurde in der Feldstra\u00dfe in Wittlich ein 36-j\u00e4hriger Pkw-Fahrer angehalten und einer Verkehrskontrolle unterzogen. Bei der \u00dcberpr\u00fcfung wurde festgestellt, dass sein ausl\u00e4ndische &#8230; <a href=\"https:\/\/www.presseportal.de\/blaulicht\/pm\/117697\/5053887\">Lesen Sie hier weiter&#8230;<\/a><br clear=\"all\"><\/p>\n<p><small>Original-Content von: Polizeidirektion Wittlich, \u00fcbermittelt durch news aktuell<\/small><\/p>\n<\/div>\n<p class=\"wpematico_credit\"><small>Powered by <a href=\"http:\/\/www.wpematico.com\" target=\"_blank\" rel=\"noopener noreferrer\">WPeMatico<\/a><\/small><\/p>\n","protected":false},"excerpt":{"rendered":"<p>Polizeidirektion Wittlich [Newsroom]Wittlich (ots) &#8211; Am Samstag, 23.10.2021, gegen 00.45 Uhr, wurde in der Feldstra\u00dfe in Wittlich ein 36-j\u00e4hriger Pkw-Fahrer angehalten und einer Verkehrskontrolle unterzogen. Bei der \u00dcberpr\u00fcfung wurde festgestellt, dass sein ausl\u00e4ndische &#8230; Lesen Sie hier weiter&#8230; Original-Content von: Polizeidirektion Wittlich, \u00fcbermittelt durch news aktuell Powered by WPeMatico<\/p>\n","protected":false},"author":1,"featured_media":0,"comment_status":"closed","ping_status":"closed","sticky":false,"template":"","format":"standard","meta":{"footnotes":""},"categories":[1],"tags":[],"class_list":["post-5393","post","type-post","status-publish","format-standard","hentry","category-uncategorized"],"_links":{"self":[{"href":"https:\/\/timeline-kreuznach.de\/en\/wp-json\/wp\/v2\/posts\/5393","targetHints":{"allow":["GET"]}}],"collection":[{"href":"https:\/\/timeline-kreuznach.de\/en\/wp-json\/wp\/v2\/posts"}],"about":[{"href":"https:\/\/timeline-kreuznach.de\/en\/wp-json\/wp\/v2\/types\/post"}],"author":[{"embeddable":true,"href":"https:\/\/timeline-kreuznach.de\/en\/wp-json\/wp\/v2\/users\/1"}],"replies":[{"embeddable":true,"href":"https:\/\/timeline-kreuznach.de\/en\/wp-json\/wp\/v2\/comments?post=5393"}],"version-history":[{"count":0,"href":"https:\/\/timeline-kreuznach.de\/en\/wp-json\/wp\/v2\/posts\/5393\/revisions"}],"wp:attachment":[{"href":"https:\/\/timeline-kreuznach.de\/en\/wp-json\/wp\/v2\/media?parent=5393"}],"wp:term":[{"taxonomy":"category","embeddable":true,"href":"https:\/\/timeline-kreuznach.de\/en\/wp-json\/wp\/v2\/categories?post=5393"},{"taxonomy":"post_tag","embeddable":true,"href":"https:\/\/timeline-kreuznach.de\/en\/wp-json\/wp\/v2\/tags?post=5393"}],"curies":[{"name":"wp","href":"https:\/\/api.w.org\/{rel}","templated":true}]}}