{"id":5363,"date":"2021-10-18T03:05:42","date_gmt":"2021-10-18T03:05:42","guid":{"rendered":"http:\/\/timeline-kreuznach.de\/pol-pdkh-verkehrsunfall-zwischen-motorradfahrer-und-pkw-fahrer"},"modified":"2021-10-18T03:05:42","modified_gmt":"2021-10-18T03:05:42","slug":"pol-pdkh-verkehrsunfall-zwischen-motorradfahrer-und-pkw-fahrer","status":"publish","type":"post","link":"https:\/\/timeline-kreuznach.de\/en\/pol-pdkh-verkehrsunfall-zwischen-motorradfahrer-und-pkw-fahrer","title":{"rendered":"POL-PDKH: Traffic accident between motorcyclist and car driver"},"content":{"rendered":"<div><b>Polizeidirektion Bad Kreuznach<\/b> [<a href=\"https:\/\/www.presseportal.de\/blaulicht\/pm\/117703\/5048569\">Newsroom<\/a>]<\/p>\n<div style=\"float:left;margin:5px 10px 0px 0px\"><a href=\"https:\/\/www.presseportal.de\/blaulicht\/nr\/117703\"><img decoding=\"async\" src=\"https:\/\/cache.pressmailing.net\/thumbnail\/story_small\/8ebd1f68-5576-43c5-b442-d9141f54092c\/VU.jpg\" width=\"110\" border=\"0\"><\/a><\/div>\n<p>Bad Kreuznach, R\u00fcdesheimer Stra\u00dfe (ots) &#8211; Am 17.10.2021, gegen 15:30 Uhr, kam es in der R\u00fcdesheimer Stra\u00dfe zu einem Verkehrsunfall zwischen einem Motorradfahrer und einem PKW-Fahrer. Hierbei befuhr der 34-j\u00e4hrige PKW-Fahrer aus Sankt Katharinen &#8230; <a href=\"https:\/\/www.presseportal.de\/blaulicht\/pm\/117703\/5048569\">Lesen Sie hier weiter&#8230;<\/a><br clear=\"all\"><\/p>\n<p><small>Original-Content von: Polizeidirektion Bad Kreuznach, \u00fcbermittelt durch news aktuell<\/small><\/p>\n<\/div>\n<p class=\"wpematico_credit\"><small>Powered by <a href=\"http:\/\/www.wpematico.com\" target=\"_blank\" rel=\"noopener noreferrer\">WPeMatico<\/a><\/small><\/p>\n","protected":false},"excerpt":{"rendered":"<p>Polizeidirektion Bad Kreuznach [Newsroom] Bad Kreuznach, R\u00fcdesheimer Stra\u00dfe (ots) &#8211; Am 17.10.2021, gegen 15:30 Uhr, kam es in der R\u00fcdesheimer Stra\u00dfe zu einem Verkehrsunfall zwischen einem Motorradfahrer und einem PKW-Fahrer. Hierbei befuhr der 34-j\u00e4hrige PKW-Fahrer aus Sankt Katharinen &#8230; Lesen Sie hier weiter&#8230; Original-Content von: Polizeidirektion Bad Kreuznach, \u00fcbermittelt durch news aktuell Powered by WPeMatico<\/p>\n","protected":false},"author":1,"featured_media":0,"comment_status":"closed","ping_status":"closed","sticky":false,"template":"","format":"standard","meta":{"footnotes":""},"categories":[1],"tags":[],"class_list":["post-5363","post","type-post","status-publish","format-standard","hentry","category-uncategorized"],"_links":{"self":[{"href":"https:\/\/timeline-kreuznach.de\/en\/wp-json\/wp\/v2\/posts\/5363","targetHints":{"allow":["GET"]}}],"collection":[{"href":"https:\/\/timeline-kreuznach.de\/en\/wp-json\/wp\/v2\/posts"}],"about":[{"href":"https:\/\/timeline-kreuznach.de\/en\/wp-json\/wp\/v2\/types\/post"}],"author":[{"embeddable":true,"href":"https:\/\/timeline-kreuznach.de\/en\/wp-json\/wp\/v2\/users\/1"}],"replies":[{"embeddable":true,"href":"https:\/\/timeline-kreuznach.de\/en\/wp-json\/wp\/v2\/comments?post=5363"}],"version-history":[{"count":0,"href":"https:\/\/timeline-kreuznach.de\/en\/wp-json\/wp\/v2\/posts\/5363\/revisions"}],"wp:attachment":[{"href":"https:\/\/timeline-kreuznach.de\/en\/wp-json\/wp\/v2\/media?parent=5363"}],"wp:term":[{"taxonomy":"category","embeddable":true,"href":"https:\/\/timeline-kreuznach.de\/en\/wp-json\/wp\/v2\/categories?post=5363"},{"taxonomy":"post_tag","embeddable":true,"href":"https:\/\/timeline-kreuznach.de\/en\/wp-json\/wp\/v2\/tags?post=5363"}],"curies":[{"name":"wp","href":"https:\/\/api.w.org\/{rel}","templated":true}]}}