{"id":5221,"date":"2021-09-22T03:00:48","date_gmt":"2021-09-22T03:00:48","guid":{"rendered":"http:\/\/timeline-kreuznach.de\/pol-pdmy-schwerer-verkehrsunfall-fahrer-fluechtet-zu-fuss"},"modified":"2021-09-22T03:00:48","modified_gmt":"2021-09-22T03:00:48","slug":"pol-pdmy-schwerer-verkehrsunfall-fahrer-fluechtet-zu-fuss","status":"publish","type":"post","link":"https:\/\/timeline-kreuznach.de\/en\/pol-pdmy-schwerer-verkehrsunfall-fahrer-fluechtet-zu-fuss","title":{"rendered":"POL-PDMY: Serious traffic accident - driver flees on foot"},"content":{"rendered":"<div><b>Polizeidirektion Mayen<\/b> [<a href=\"https:\/\/www.presseportal.de\/blaulicht\/pm\/117711\/5026433\">Newsroom<\/a>]<br \/>Ochtendung (ots) &#8211; Am Montag, den 20.09.2021 gegen 20:15, verlor ein 40-j\u00e4hriger PKW-Fahrer aus der VG Maifeld auf der L 120, auf H\u00f6he der Alsingerh\u00f6fe, die Kontrolle \u00fcber sein Fahrzeug und kam von der Fahrbahn ab. Er brachte einen Baum zu Fall, &#8230; <a href=\"https:\/\/www.presseportal.de\/blaulicht\/pm\/117711\/5026433\">Lesen Sie hier weiter&#8230;<\/a><br clear=\"all\"><\/p>\n<p><small>Original-Content von: Polizeidirektion Mayen, \u00fcbermittelt durch news aktuell<\/small><\/p>\n<\/div>\n<p class=\"wpematico_credit\"><small>Powered by <a href=\"http:\/\/www.wpematico.com\" target=\"_blank\" rel=\"noopener noreferrer\">WPeMatico<\/a><\/small><\/p>\n","protected":false},"excerpt":{"rendered":"<p>Polizeidirektion Mayen [Newsroom]Ochtendung (ots) &#8211; Am Montag, den 20.09.2021 gegen 20:15, verlor ein 40-j\u00e4hriger PKW-Fahrer aus der VG Maifeld auf der L 120, auf H\u00f6he der Alsingerh\u00f6fe, die Kontrolle \u00fcber sein Fahrzeug und kam von der Fahrbahn ab. Er brachte einen Baum zu Fall, &#8230; Lesen Sie hier weiter&#8230; Original-Content von: Polizeidirektion Mayen, \u00fcbermittelt durch [&hellip;]<\/p>\n","protected":false},"author":1,"featured_media":0,"comment_status":"closed","ping_status":"closed","sticky":false,"template":"","format":"standard","meta":{"footnotes":""},"categories":[1],"tags":[],"class_list":["post-5221","post","type-post","status-publish","format-standard","hentry","category-uncategorized"],"_links":{"self":[{"href":"https:\/\/timeline-kreuznach.de\/en\/wp-json\/wp\/v2\/posts\/5221","targetHints":{"allow":["GET"]}}],"collection":[{"href":"https:\/\/timeline-kreuznach.de\/en\/wp-json\/wp\/v2\/posts"}],"about":[{"href":"https:\/\/timeline-kreuznach.de\/en\/wp-json\/wp\/v2\/types\/post"}],"author":[{"embeddable":true,"href":"https:\/\/timeline-kreuznach.de\/en\/wp-json\/wp\/v2\/users\/1"}],"replies":[{"embeddable":true,"href":"https:\/\/timeline-kreuznach.de\/en\/wp-json\/wp\/v2\/comments?post=5221"}],"version-history":[{"count":0,"href":"https:\/\/timeline-kreuznach.de\/en\/wp-json\/wp\/v2\/posts\/5221\/revisions"}],"wp:attachment":[{"href":"https:\/\/timeline-kreuznach.de\/en\/wp-json\/wp\/v2\/media?parent=5221"}],"wp:term":[{"taxonomy":"category","embeddable":true,"href":"https:\/\/timeline-kreuznach.de\/en\/wp-json\/wp\/v2\/categories?post=5221"},{"taxonomy":"post_tag","embeddable":true,"href":"https:\/\/timeline-kreuznach.de\/en\/wp-json\/wp\/v2\/tags?post=5221"}],"curies":[{"name":"wp","href":"https:\/\/api.w.org\/{rel}","templated":true}]}}