{"id":5206,"date":"2021-09-19T03:02:42","date_gmt":"2021-09-19T03:02:42","guid":{"rendered":"http:\/\/timeline-kreuznach.de\/pol-pdwo-verkehrsunfall-b47-vollsperrung-in-rtg-worms"},"modified":"2021-09-19T03:02:42","modified_gmt":"2021-09-19T03:02:42","slug":"pol-pdwo-verkehrsunfall-b47-vollsperrung-in-rtg-worms","status":"publish","type":"post","link":"https:\/\/timeline-kreuznach.de\/en\/pol-pdwo-verkehrsunfall-b47-vollsperrung-in-rtg-worms","title":{"rendered":"POL-PDWO: Traffic accident - B47 - full closure in the direction of Worms"},"content":{"rendered":"<div><b>Polizeidirektion Worms<\/b> [<a href=\"https:\/\/www.presseportal.de\/blaulicht\/pm\/117702\/5023885\">Newsroom<\/a>]<\/p>\n<div style=\"float:left;margin:5px 10px 0px 0px\"><a href=\"https:\/\/www.presseportal.de\/blaulicht\/nr\/117702\"><img decoding=\"async\" src=\"https:\/\/cache.pressmailing.net\/thumbnail\/story_small\/1c98d1f9-8193-433e-bdb9-e03d87a2d6bd\/IMG_5275Mittel.JPG\" width=\"110\" border=\"0\"><\/a><\/div>\n<p>Worms (ots) &#8211; Die 50j\u00e4hrige Hyundaifahrerin und der 19j\u00e4hrige BMW Fahrer befahren die B47 in Richtung WO-Zentrum. Die 50j\u00e4hrige bef\u00e4hrt zun\u00e4chst die rechte Fahrspur, der 19j\u00e4hrige die linke Fahrspur. Die Hyundaifahrerin wechselt dann die &#8230; <a href=\"https:\/\/www.presseportal.de\/blaulicht\/pm\/117702\/5023885\">Lesen Sie hier weiter&#8230;<\/a><br clear=\"all\"><\/p>\n<p><small>Original-Content von: Polizeidirektion Worms, \u00fcbermittelt durch news aktuell<\/small><\/p>\n<\/div>\n<p class=\"wpematico_credit\"><small>Powered by <a href=\"http:\/\/www.wpematico.com\" target=\"_blank\" rel=\"noopener noreferrer\">WPeMatico<\/a><\/small><\/p>\n","protected":false},"excerpt":{"rendered":"<p>Polizeidirektion Worms [Newsroom] Worms (ots) &#8211; Die 50j\u00e4hrige Hyundaifahrerin und der 19j\u00e4hrige BMW Fahrer befahren die B47 in Richtung WO-Zentrum. Die 50j\u00e4hrige bef\u00e4hrt zun\u00e4chst die rechte Fahrspur, der 19j\u00e4hrige die linke Fahrspur. Die Hyundaifahrerin wechselt dann die &#8230; Lesen Sie hier weiter&#8230; Original-Content von: Polizeidirektion Worms, \u00fcbermittelt durch news aktuell Powered by WPeMatico<\/p>\n","protected":false},"author":1,"featured_media":0,"comment_status":"closed","ping_status":"closed","sticky":false,"template":"","format":"standard","meta":{"footnotes":""},"categories":[1],"tags":[],"class_list":["post-5206","post","type-post","status-publish","format-standard","hentry","category-uncategorized"],"_links":{"self":[{"href":"https:\/\/timeline-kreuznach.de\/en\/wp-json\/wp\/v2\/posts\/5206","targetHints":{"allow":["GET"]}}],"collection":[{"href":"https:\/\/timeline-kreuznach.de\/en\/wp-json\/wp\/v2\/posts"}],"about":[{"href":"https:\/\/timeline-kreuznach.de\/en\/wp-json\/wp\/v2\/types\/post"}],"author":[{"embeddable":true,"href":"https:\/\/timeline-kreuznach.de\/en\/wp-json\/wp\/v2\/users\/1"}],"replies":[{"embeddable":true,"href":"https:\/\/timeline-kreuznach.de\/en\/wp-json\/wp\/v2\/comments?post=5206"}],"version-history":[{"count":0,"href":"https:\/\/timeline-kreuznach.de\/en\/wp-json\/wp\/v2\/posts\/5206\/revisions"}],"wp:attachment":[{"href":"https:\/\/timeline-kreuznach.de\/en\/wp-json\/wp\/v2\/media?parent=5206"}],"wp:term":[{"taxonomy":"category","embeddable":true,"href":"https:\/\/timeline-kreuznach.de\/en\/wp-json\/wp\/v2\/categories?post=5206"},{"taxonomy":"post_tag","embeddable":true,"href":"https:\/\/timeline-kreuznach.de\/en\/wp-json\/wp\/v2\/tags?post=5206"}],"curies":[{"name":"wp","href":"https:\/\/api.w.org\/{rel}","templated":true}]}}