{"id":5188,"date":"2021-09-16T03:07:06","date_gmt":"2021-09-16T03:07:06","guid":{"rendered":"http:\/\/timeline-kreuznach.de\/pol-pdwil-unfall-nach-aquaplaning"},"modified":"2021-09-16T03:07:06","modified_gmt":"2021-09-16T03:07:06","slug":"pol-pdwil-unfall-nach-aquaplaning","status":"publish","type":"post","link":"https:\/\/timeline-kreuznach.de\/en\/pol-pdwil-unfall-nach-aquaplaning","title":{"rendered":"POL-PDWIL: Accident after aquaplaning"},"content":{"rendered":"<div><b>Polizeidirektion Wittlich<\/b> [<a href=\"https:\/\/www.presseportal.de\/blaulicht\/pm\/117697\/5021401\">Newsroom<\/a>]<br \/>Graach (ots) &#8211; Am Mittwochabend, gegen 20:15 Uhr, kam es auf der B53 zwischen Bernkastel-Kues und Graach zu einem Verkehrsunfall mit drei verletzten Personen. Ersten Erkenntnisse zur Folge kam der 35-j\u00e4rige Fahrzeugf\u00fchrer aufgrund von Aquaplaning &#8230; <a href=\"https:\/\/www.presseportal.de\/blaulicht\/pm\/117697\/5021401\">Lesen Sie hier weiter&#8230;<\/a><br clear=\"all\"><\/p>\n<p><small>Original-Content von: Polizeidirektion Wittlich, \u00fcbermittelt durch news aktuell<\/small><\/p>\n<\/div>\n<p class=\"wpematico_credit\"><small>Powered by <a href=\"http:\/\/www.wpematico.com\" target=\"_blank\" rel=\"noopener noreferrer\">WPeMatico<\/a><\/small><\/p>\n","protected":false},"excerpt":{"rendered":"<p>Polizeidirektion Wittlich [Newsroom]Graach (ots) &#8211; Am Mittwochabend, gegen 20:15 Uhr, kam es auf der B53 zwischen Bernkastel-Kues und Graach zu einem Verkehrsunfall mit drei verletzten Personen. Ersten Erkenntnisse zur Folge kam der 35-j\u00e4rige Fahrzeugf\u00fchrer aufgrund von Aquaplaning &#8230; Lesen Sie hier weiter&#8230; Original-Content von: Polizeidirektion Wittlich, \u00fcbermittelt durch news aktuell Powered by WPeMatico<\/p>\n","protected":false},"author":1,"featured_media":0,"comment_status":"closed","ping_status":"closed","sticky":false,"template":"","format":"standard","meta":{"footnotes":""},"categories":[1],"tags":[],"class_list":["post-5188","post","type-post","status-publish","format-standard","hentry","category-uncategorized"],"_links":{"self":[{"href":"https:\/\/timeline-kreuznach.de\/en\/wp-json\/wp\/v2\/posts\/5188","targetHints":{"allow":["GET"]}}],"collection":[{"href":"https:\/\/timeline-kreuznach.de\/en\/wp-json\/wp\/v2\/posts"}],"about":[{"href":"https:\/\/timeline-kreuznach.de\/en\/wp-json\/wp\/v2\/types\/post"}],"author":[{"embeddable":true,"href":"https:\/\/timeline-kreuznach.de\/en\/wp-json\/wp\/v2\/users\/1"}],"replies":[{"embeddable":true,"href":"https:\/\/timeline-kreuznach.de\/en\/wp-json\/wp\/v2\/comments?post=5188"}],"version-history":[{"count":0,"href":"https:\/\/timeline-kreuznach.de\/en\/wp-json\/wp\/v2\/posts\/5188\/revisions"}],"wp:attachment":[{"href":"https:\/\/timeline-kreuznach.de\/en\/wp-json\/wp\/v2\/media?parent=5188"}],"wp:term":[{"taxonomy":"category","embeddable":true,"href":"https:\/\/timeline-kreuznach.de\/en\/wp-json\/wp\/v2\/categories?post=5188"},{"taxonomy":"post_tag","embeddable":true,"href":"https:\/\/timeline-kreuznach.de\/en\/wp-json\/wp\/v2\/tags?post=5188"}],"curies":[{"name":"wp","href":"https:\/\/api.w.org\/{rel}","templated":true}]}}