{"id":5187,"date":"2021-09-15T03:02:09","date_gmt":"2021-09-15T03:02:09","guid":{"rendered":"http:\/\/timeline-kreuznach.de\/pol-pdtr-sachbeschaedigungen-an-zahlreichen-fahrzeugen-polizei-nimmt-randalierer-fest"},"modified":"2021-09-15T03:02:09","modified_gmt":"2021-09-15T03:02:09","slug":"pol-pdtr-sachbeschaedigungen-an-zahlreichen-fahrzeugen-polizei-nimmt-randalierer-fest","status":"publish","type":"post","link":"https:\/\/timeline-kreuznach.de\/en\/pol-pdtr-sachbeschaedigungen-an-zahlreichen-fahrzeugen-polizei-nimmt-randalierer-fest","title":{"rendered":"POL-PDTR: Property damage to numerous vehicles - police arrest rioters"},"content":{"rendered":"<div><b>Polizeidirektion Trier<\/b> [<a href=\"https:\/\/www.presseportal.de\/blaulicht\/pm\/117698\/5020300\">Newsroom<\/a>]<br \/>Trier (ots) &#8211; Am Dienstag, 14.09.2021, gegen 22.00 Uhr, gingen bei der Polizei in Trier mehrere Notrufe ein. Gemeldet wurde eine randalierende Person, die in der T\u00f6pferstra\u00dfe geparkte Fahrzeuge besch\u00e4digt. Im Rahmen der durchgef\u00fchrten &#8230; <a href=\"https:\/\/www.presseportal.de\/blaulicht\/pm\/117698\/5020300\">Lesen Sie hier weiter&#8230;<\/a><br clear=\"all\"><\/p>\n<p><small>Original-Content von: Polizeidirektion Trier, \u00fcbermittelt durch news aktuell<\/small><\/p>\n<\/div>\n<p class=\"wpematico_credit\"><small>Powered by <a href=\"http:\/\/www.wpematico.com\" target=\"_blank\" rel=\"noopener noreferrer\">WPeMatico<\/a><\/small><\/p>\n","protected":false},"excerpt":{"rendered":"<p>Polizeidirektion Trier [Newsroom]Trier (ots) &#8211; Am Dienstag, 14.09.2021, gegen 22.00 Uhr, gingen bei der Polizei in Trier mehrere Notrufe ein. Gemeldet wurde eine randalierende Person, die in der T\u00f6pferstra\u00dfe geparkte Fahrzeuge besch\u00e4digt. Im Rahmen der durchgef\u00fchrten &#8230; Lesen Sie hier weiter&#8230; Original-Content von: Polizeidirektion Trier, \u00fcbermittelt durch news aktuell Powered by WPeMatico<\/p>\n","protected":false},"author":1,"featured_media":0,"comment_status":"closed","ping_status":"closed","sticky":false,"template":"","format":"standard","meta":{"footnotes":""},"categories":[1],"tags":[],"class_list":["post-5187","post","type-post","status-publish","format-standard","hentry","category-uncategorized"],"_links":{"self":[{"href":"https:\/\/timeline-kreuznach.de\/en\/wp-json\/wp\/v2\/posts\/5187","targetHints":{"allow":["GET"]}}],"collection":[{"href":"https:\/\/timeline-kreuznach.de\/en\/wp-json\/wp\/v2\/posts"}],"about":[{"href":"https:\/\/timeline-kreuznach.de\/en\/wp-json\/wp\/v2\/types\/post"}],"author":[{"embeddable":true,"href":"https:\/\/timeline-kreuznach.de\/en\/wp-json\/wp\/v2\/users\/1"}],"replies":[{"embeddable":true,"href":"https:\/\/timeline-kreuznach.de\/en\/wp-json\/wp\/v2\/comments?post=5187"}],"version-history":[{"count":0,"href":"https:\/\/timeline-kreuznach.de\/en\/wp-json\/wp\/v2\/posts\/5187\/revisions"}],"wp:attachment":[{"href":"https:\/\/timeline-kreuznach.de\/en\/wp-json\/wp\/v2\/media?parent=5187"}],"wp:term":[{"taxonomy":"category","embeddable":true,"href":"https:\/\/timeline-kreuznach.de\/en\/wp-json\/wp\/v2\/categories?post=5187"},{"taxonomy":"post_tag","embeddable":true,"href":"https:\/\/timeline-kreuznach.de\/en\/wp-json\/wp\/v2\/tags?post=5187"}],"curies":[{"name":"wp","href":"https:\/\/api.w.org\/{rel}","templated":true}]}}