{"id":5135,"date":"2021-09-07T03:00:39","date_gmt":"2021-09-07T03:00:39","guid":{"rendered":"http:\/\/timeline-kreuznach.de\/pol-pdwil-verkehrsunfall-mit-verletztem-pedelec-fahrer"},"modified":"2021-09-07T03:00:39","modified_gmt":"2021-09-07T03:00:39","slug":"pol-pdwil-verkehrsunfall-mit-verletztem-pedelec-fahrer","status":"publish","type":"post","link":"https:\/\/timeline-kreuznach.de\/en\/pol-pdwil-verkehrsunfall-mit-verletztem-pedelec-fahrer","title":{"rendered":"POL-PDWIL: Traffic accident with injured pedelec rider"},"content":{"rendered":"<div><b>Polizeidirektion Wittlich<\/b> [<a href=\"https:\/\/www.presseportal.de\/blaulicht\/pm\/117697\/5013151\">Newsroom<\/a>]<br \/>Kommen (ots) &#8211; Am Montag kam es zur Mittagszeit in der Ortslage Kommen zu einem Verkehrsunfall zwischen einem Pedelec und einem PKW. Ausgangs eines engen Kreuzungsbereiches stie\u00dfen beide Fahrzeuge miteinander zusammen. Die 69j\u00e4hrige Fahrerin des &#8230; <a href=\"https:\/\/www.presseportal.de\/blaulicht\/pm\/117697\/5013151\">Lesen Sie hier weiter&#8230;<\/a><br clear=\"all\"><\/p>\n<p><small>Original-Content von: Polizeidirektion Wittlich, \u00fcbermittelt durch news aktuell<\/small><\/p>\n<\/div>\n<p class=\"wpematico_credit\"><small>Powered by <a href=\"http:\/\/www.wpematico.com\" target=\"_blank\" rel=\"noopener noreferrer\">WPeMatico<\/a><\/small><\/p>\n","protected":false},"excerpt":{"rendered":"<p>Polizeidirektion Wittlich [Newsroom]Kommen (ots) &#8211; Am Montag kam es zur Mittagszeit in der Ortslage Kommen zu einem Verkehrsunfall zwischen einem Pedelec und einem PKW. Ausgangs eines engen Kreuzungsbereiches stie\u00dfen beide Fahrzeuge miteinander zusammen. Die 69j\u00e4hrige Fahrerin des &#8230; Lesen Sie hier weiter&#8230; Original-Content von: Polizeidirektion Wittlich, \u00fcbermittelt durch news aktuell Powered by WPeMatico<\/p>\n","protected":false},"author":1,"featured_media":0,"comment_status":"closed","ping_status":"closed","sticky":false,"template":"","format":"standard","meta":{"footnotes":""},"categories":[1],"tags":[],"class_list":["post-5135","post","type-post","status-publish","format-standard","hentry","category-uncategorized"],"_links":{"self":[{"href":"https:\/\/timeline-kreuznach.de\/en\/wp-json\/wp\/v2\/posts\/5135","targetHints":{"allow":["GET"]}}],"collection":[{"href":"https:\/\/timeline-kreuznach.de\/en\/wp-json\/wp\/v2\/posts"}],"about":[{"href":"https:\/\/timeline-kreuznach.de\/en\/wp-json\/wp\/v2\/types\/post"}],"author":[{"embeddable":true,"href":"https:\/\/timeline-kreuznach.de\/en\/wp-json\/wp\/v2\/users\/1"}],"replies":[{"embeddable":true,"href":"https:\/\/timeline-kreuznach.de\/en\/wp-json\/wp\/v2\/comments?post=5135"}],"version-history":[{"count":0,"href":"https:\/\/timeline-kreuznach.de\/en\/wp-json\/wp\/v2\/posts\/5135\/revisions"}],"wp:attachment":[{"href":"https:\/\/timeline-kreuznach.de\/en\/wp-json\/wp\/v2\/media?parent=5135"}],"wp:term":[{"taxonomy":"category","embeddable":true,"href":"https:\/\/timeline-kreuznach.de\/en\/wp-json\/wp\/v2\/categories?post=5135"},{"taxonomy":"post_tag","embeddable":true,"href":"https:\/\/timeline-kreuznach.de\/en\/wp-json\/wp\/v2\/tags?post=5135"}],"curies":[{"name":"wp","href":"https:\/\/api.w.org\/{rel}","templated":true}]}}