{"id":5125,"date":"2021-09-04T03:00:12","date_gmt":"2021-09-04T03:00:12","guid":{"rendered":"http:\/\/timeline-kreuznach.de\/pol-vdko-strassenverkehrsgefaehrdung-zeugen-gesucht"},"modified":"2021-09-04T03:00:12","modified_gmt":"2021-09-04T03:00:12","slug":"pol-vdko-strassenverkehrsgefaehrdung-zeugen-gesucht","status":"publish","type":"post","link":"https:\/\/timeline-kreuznach.de\/en\/pol-vdko-strassenverkehrsgefaehrdung-zeugen-gesucht","title":{"rendered":"POL-VDKO: Road traffic hazard (witnesses wanted)"},"content":{"rendered":"<div><b>Verkehrsdirektion Koblenz<\/b> [<a href=\"https:\/\/www.presseportal.de\/blaulicht\/pm\/117713\/5011225\">Newsroom<\/a>]<br \/>Montabaur\/H\u00f6hr-Grenzhausen (ots) &#8211; Am Abend des 03.09.2021, gegen 19:45 Uhr gingen bei der Polizeiautobahnstation Montabaur mehrere Notrufe wegen eines in Schlangenlinien gef\u00fchrten PKW ein. Der Fahrzeugf\u00fchrer befuhr zun\u00e4chst die BAB3 in &#8230; <a href=\"https:\/\/www.presseportal.de\/blaulicht\/pm\/117713\/5011225\">Lesen Sie hier weiter&#8230;<\/a><br clear=\"all\"><\/p>\n<p><small>Original-Content von: Verkehrsdirektion Koblenz, \u00fcbermittelt durch news aktuell<\/small><\/p>\n<\/div>\n<p class=\"wpematico_credit\"><small>Powered by <a href=\"http:\/\/www.wpematico.com\" target=\"_blank\" rel=\"noopener noreferrer\">WPeMatico<\/a><\/small><\/p>\n","protected":false},"excerpt":{"rendered":"<p>Verkehrsdirektion Koblenz [Newsroom]Montabaur\/H\u00f6hr-Grenzhausen (ots) &#8211; Am Abend des 03.09.2021, gegen 19:45 Uhr gingen bei der Polizeiautobahnstation Montabaur mehrere Notrufe wegen eines in Schlangenlinien gef\u00fchrten PKW ein. Der Fahrzeugf\u00fchrer befuhr zun\u00e4chst die BAB3 in &#8230; Lesen Sie hier weiter&#8230; Original-Content von: Verkehrsdirektion Koblenz, \u00fcbermittelt durch news aktuell Powered by WPeMatico<\/p>\n","protected":false},"author":1,"featured_media":0,"comment_status":"closed","ping_status":"closed","sticky":false,"template":"","format":"standard","meta":{"footnotes":""},"categories":[1],"tags":[],"class_list":["post-5125","post","type-post","status-publish","format-standard","hentry","category-uncategorized"],"_links":{"self":[{"href":"https:\/\/timeline-kreuznach.de\/en\/wp-json\/wp\/v2\/posts\/5125","targetHints":{"allow":["GET"]}}],"collection":[{"href":"https:\/\/timeline-kreuznach.de\/en\/wp-json\/wp\/v2\/posts"}],"about":[{"href":"https:\/\/timeline-kreuznach.de\/en\/wp-json\/wp\/v2\/types\/post"}],"author":[{"embeddable":true,"href":"https:\/\/timeline-kreuznach.de\/en\/wp-json\/wp\/v2\/users\/1"}],"replies":[{"embeddable":true,"href":"https:\/\/timeline-kreuznach.de\/en\/wp-json\/wp\/v2\/comments?post=5125"}],"version-history":[{"count":0,"href":"https:\/\/timeline-kreuznach.de\/en\/wp-json\/wp\/v2\/posts\/5125\/revisions"}],"wp:attachment":[{"href":"https:\/\/timeline-kreuznach.de\/en\/wp-json\/wp\/v2\/media?parent=5125"}],"wp:term":[{"taxonomy":"category","embeddable":true,"href":"https:\/\/timeline-kreuznach.de\/en\/wp-json\/wp\/v2\/categories?post=5125"},{"taxonomy":"post_tag","embeddable":true,"href":"https:\/\/timeline-kreuznach.de\/en\/wp-json\/wp\/v2\/tags?post=5125"}],"curies":[{"name":"wp","href":"https:\/\/api.w.org\/{rel}","templated":true}]}}