{"id":5110,"date":"2021-09-02T03:00:39","date_gmt":"2021-09-02T03:00:39","guid":{"rendered":"http:\/\/timeline-kreuznach.de\/pol-pdwil-12jaehriger-radfahrer-bei-unfall-leicht-verletzt"},"modified":"2021-09-02T03:00:39","modified_gmt":"2021-09-02T03:00:39","slug":"pol-pdwil-12jaehriger-radfahrer-bei-unfall-leicht-verletzt","status":"publish","type":"post","link":"https:\/\/timeline-kreuznach.de\/en\/pol-pdwil-12jaehriger-radfahrer-bei-unfall-leicht-verletzt","title":{"rendered":"POL-PDWIL: 12-year-old cyclist slightly injured in accident"},"content":{"rendered":"<div><b>Polizeidirektion Wittlich<\/b> [<a href=\"https:\/\/www.presseportal.de\/blaulicht\/pm\/117697\/5009200\">Newsroom<\/a>]<br \/>Graach an der Mosel (ots) &#8211; Am Mittwoch, 01.09.2021, kam es in der Ortschaft Graach zu einem Verkehrsunfall mit einem leicht verletztem 12j\u00e4hrigen Fahrradfahrer. Dieser befuhr die M\u00fcllerstra\u00dfe in Fahrtrichtung Mosel. An der Einm\u00fcndung zum &#8230; <a href=\"https:\/\/www.presseportal.de\/blaulicht\/pm\/117697\/5009200\">Lesen Sie hier weiter&#8230;<\/a><br clear=\"all\"><\/p>\n<p><small>Original-Content von: Polizeidirektion Wittlich, \u00fcbermittelt durch news aktuell<\/small><\/p>\n<\/div>\n<p class=\"wpematico_credit\"><small>Powered by <a href=\"http:\/\/www.wpematico.com\" target=\"_blank\" rel=\"noopener noreferrer\">WPeMatico<\/a><\/small><\/p>\n","protected":false},"excerpt":{"rendered":"<p>Polizeidirektion Wittlich [Newsroom]Graach an der Mosel (ots) &#8211; Am Mittwoch, 01.09.2021, kam es in der Ortschaft Graach zu einem Verkehrsunfall mit einem leicht verletztem 12j\u00e4hrigen Fahrradfahrer. Dieser befuhr die M\u00fcllerstra\u00dfe in Fahrtrichtung Mosel. An der Einm\u00fcndung zum &#8230; Lesen Sie hier weiter&#8230; Original-Content von: Polizeidirektion Wittlich, \u00fcbermittelt durch news aktuell Powered by WPeMatico<\/p>\n","protected":false},"author":1,"featured_media":0,"comment_status":"closed","ping_status":"closed","sticky":false,"template":"","format":"standard","meta":{"footnotes":""},"categories":[1],"tags":[],"class_list":["post-5110","post","type-post","status-publish","format-standard","hentry","category-uncategorized"],"_links":{"self":[{"href":"https:\/\/timeline-kreuznach.de\/en\/wp-json\/wp\/v2\/posts\/5110","targetHints":{"allow":["GET"]}}],"collection":[{"href":"https:\/\/timeline-kreuznach.de\/en\/wp-json\/wp\/v2\/posts"}],"about":[{"href":"https:\/\/timeline-kreuznach.de\/en\/wp-json\/wp\/v2\/types\/post"}],"author":[{"embeddable":true,"href":"https:\/\/timeline-kreuznach.de\/en\/wp-json\/wp\/v2\/users\/1"}],"replies":[{"embeddable":true,"href":"https:\/\/timeline-kreuznach.de\/en\/wp-json\/wp\/v2\/comments?post=5110"}],"version-history":[{"count":0,"href":"https:\/\/timeline-kreuznach.de\/en\/wp-json\/wp\/v2\/posts\/5110\/revisions"}],"wp:attachment":[{"href":"https:\/\/timeline-kreuznach.de\/en\/wp-json\/wp\/v2\/media?parent=5110"}],"wp:term":[{"taxonomy":"category","embeddable":true,"href":"https:\/\/timeline-kreuznach.de\/en\/wp-json\/wp\/v2\/categories?post=5110"},{"taxonomy":"post_tag","embeddable":true,"href":"https:\/\/timeline-kreuznach.de\/en\/wp-json\/wp\/v2\/tags?post=5110"}],"curies":[{"name":"wp","href":"https:\/\/api.w.org\/{rel}","templated":true}]}}