{"id":5102,"date":"2021-09-01T03:04:48","date_gmt":"2021-09-01T03:04:48","guid":{"rendered":"http:\/\/timeline-kreuznach.de\/pol-pprp-ludwigshafen-familienstreit-eskaliert"},"modified":"2021-09-01T03:04:48","modified_gmt":"2021-09-01T03:04:48","slug":"pol-pprp-ludwigshafen-familienstreit-eskaliert","status":"publish","type":"post","link":"https:\/\/timeline-kreuznach.de\/en\/pol-pprp-ludwigshafen-familienstreit-eskaliert","title":{"rendered":"POL-PPRP: Ludwigshafen - Family dispute escalates"},"content":{"rendered":"<div><b>Polizeipr\u00e4sidium Rheinpfalz<\/b> [<a href=\"https:\/\/www.presseportal.de\/blaulicht\/pm\/117696\/5008143\">Newsroom<\/a>]<br \/>Ludwigshafen (ots) &#8211; Am Dienstag den 31.08.2021, um 16:43 Uhr, kam es in Ludwigshafen Oggersheim zum Einsatz von Polizei und Rettungsdienst. Anlass war ein Familienstreit bei dem der gesch\u00e4digte 37-J\u00e4hrige Mitteiler aus Ludwigshafen von seiner &#8230; <a href=\"https:\/\/www.presseportal.de\/blaulicht\/pm\/117696\/5008143\">Lesen Sie hier weiter&#8230;<\/a><br clear=\"all\"><\/p>\n<p><small>Original-Content von: Polizeipr\u00e4sidium Rheinpfalz, \u00fcbermittelt durch news aktuell<\/small><\/p>\n<\/div>\n<p class=\"wpematico_credit\"><small>Powered by <a href=\"http:\/\/www.wpematico.com\" target=\"_blank\" rel=\"noopener noreferrer\">WPeMatico<\/a><\/small><\/p>\n","protected":false},"excerpt":{"rendered":"<p>Polizeipr\u00e4sidium Rheinpfalz [Newsroom]Ludwigshafen (ots) &#8211; Am Dienstag den 31.08.2021, um 16:43 Uhr, kam es in Ludwigshafen Oggersheim zum Einsatz von Polizei und Rettungsdienst. Anlass war ein Familienstreit bei dem der gesch\u00e4digte 37-J\u00e4hrige Mitteiler aus Ludwigshafen von seiner &#8230; Lesen Sie hier weiter&#8230; Original-Content von: Polizeipr\u00e4sidium Rheinpfalz, \u00fcbermittelt durch news aktuell Powered by WPeMatico<\/p>\n","protected":false},"author":1,"featured_media":0,"comment_status":"closed","ping_status":"closed","sticky":false,"template":"","format":"standard","meta":{"footnotes":""},"categories":[1],"tags":[],"class_list":["post-5102","post","type-post","status-publish","format-standard","hentry","category-uncategorized"],"_links":{"self":[{"href":"https:\/\/timeline-kreuznach.de\/en\/wp-json\/wp\/v2\/posts\/5102","targetHints":{"allow":["GET"]}}],"collection":[{"href":"https:\/\/timeline-kreuznach.de\/en\/wp-json\/wp\/v2\/posts"}],"about":[{"href":"https:\/\/timeline-kreuznach.de\/en\/wp-json\/wp\/v2\/types\/post"}],"author":[{"embeddable":true,"href":"https:\/\/timeline-kreuznach.de\/en\/wp-json\/wp\/v2\/users\/1"}],"replies":[{"embeddable":true,"href":"https:\/\/timeline-kreuznach.de\/en\/wp-json\/wp\/v2\/comments?post=5102"}],"version-history":[{"count":0,"href":"https:\/\/timeline-kreuznach.de\/en\/wp-json\/wp\/v2\/posts\/5102\/revisions"}],"wp:attachment":[{"href":"https:\/\/timeline-kreuznach.de\/en\/wp-json\/wp\/v2\/media?parent=5102"}],"wp:term":[{"taxonomy":"category","embeddable":true,"href":"https:\/\/timeline-kreuznach.de\/en\/wp-json\/wp\/v2\/categories?post=5102"},{"taxonomy":"post_tag","embeddable":true,"href":"https:\/\/timeline-kreuznach.de\/en\/wp-json\/wp\/v2\/tags?post=5102"}],"curies":[{"name":"wp","href":"https:\/\/api.w.org\/{rel}","templated":true}]}}