{"id":5088,"date":"2021-08-30T03:01:43","date_gmt":"2021-08-30T03:01:43","guid":{"rendered":"http:\/\/timeline-kreuznach.de\/pol-pdmt-pressenachmeldung-zu-auftrag-4495231"},"modified":"2021-08-30T03:01:43","modified_gmt":"2021-08-30T03:01:43","slug":"pol-pdmt-pressenachmeldung-zu-auftrag-4495231","status":"publish","type":"post","link":"https:\/\/timeline-kreuznach.de\/en\/pol-pdmt-pressenachmeldung-zu-auftrag-4495231","title":{"rendered":"POL-PDMT: Press release for order: 4495231"},"content":{"rendered":"<div><b>Polizeidirektion Montabaur<\/b> [<a href=\"https:\/\/www.presseportal.de\/blaulicht\/pm\/117710\/5005939\">Newsroom<\/a>]<br \/>Montabaur (ots) &#8211; Der Fahrer des Pick-Up d\u00fcrfte sich vermutlich ein Rennen mit einem vorausfahrenden VW Golf mit stark get\u00f6nten Heckscheiben geliefert haben. Beide PKWs hatten mit hoher Geschwindigkeit die Fahrzeugkolonne \u00fcberholt. W\u00e4hrend der &#8230; <a href=\"https:\/\/www.presseportal.de\/blaulicht\/pm\/117710\/5005939\">Lesen Sie hier weiter&#8230;<\/a><br clear=\"all\"><\/p>\n<p><small>Original-Content von: Polizeidirektion Montabaur, \u00fcbermittelt durch news aktuell<\/small><\/p>\n<\/div>\n<p class=\"wpematico_credit\"><small>Powered by <a href=\"http:\/\/www.wpematico.com\" target=\"_blank\" rel=\"noopener noreferrer\">WPeMatico<\/a><\/small><\/p>\n","protected":false},"excerpt":{"rendered":"<p>Polizeidirektion Montabaur [Newsroom]Montabaur (ots) &#8211; Der Fahrer des Pick-Up d\u00fcrfte sich vermutlich ein Rennen mit einem vorausfahrenden VW Golf mit stark get\u00f6nten Heckscheiben geliefert haben. Beide PKWs hatten mit hoher Geschwindigkeit die Fahrzeugkolonne \u00fcberholt. W\u00e4hrend der &#8230; Lesen Sie hier weiter&#8230; Original-Content von: Polizeidirektion Montabaur, \u00fcbermittelt durch news aktuell Powered by WPeMatico<\/p>\n","protected":false},"author":1,"featured_media":0,"comment_status":"closed","ping_status":"closed","sticky":false,"template":"","format":"standard","meta":{"footnotes":""},"categories":[1],"tags":[],"class_list":["post-5088","post","type-post","status-publish","format-standard","hentry","category-uncategorized"],"_links":{"self":[{"href":"https:\/\/timeline-kreuznach.de\/en\/wp-json\/wp\/v2\/posts\/5088","targetHints":{"allow":["GET"]}}],"collection":[{"href":"https:\/\/timeline-kreuznach.de\/en\/wp-json\/wp\/v2\/posts"}],"about":[{"href":"https:\/\/timeline-kreuznach.de\/en\/wp-json\/wp\/v2\/types\/post"}],"author":[{"embeddable":true,"href":"https:\/\/timeline-kreuznach.de\/en\/wp-json\/wp\/v2\/users\/1"}],"replies":[{"embeddable":true,"href":"https:\/\/timeline-kreuznach.de\/en\/wp-json\/wp\/v2\/comments?post=5088"}],"version-history":[{"count":0,"href":"https:\/\/timeline-kreuznach.de\/en\/wp-json\/wp\/v2\/posts\/5088\/revisions"}],"wp:attachment":[{"href":"https:\/\/timeline-kreuznach.de\/en\/wp-json\/wp\/v2\/media?parent=5088"}],"wp:term":[{"taxonomy":"category","embeddable":true,"href":"https:\/\/timeline-kreuznach.de\/en\/wp-json\/wp\/v2\/categories?post=5088"},{"taxonomy":"post_tag","embeddable":true,"href":"https:\/\/timeline-kreuznach.de\/en\/wp-json\/wp\/v2\/tags?post=5088"}],"curies":[{"name":"wp","href":"https:\/\/api.w.org\/{rel}","templated":true}]}}