{"id":4902,"date":"2021-07-31T03:05:47","date_gmt":"2021-07-31T03:05:47","guid":{"rendered":"http:\/\/timeline-kreuznach.de\/mit-der-rikscha-durchs-salinental-und-fuer-die-flutopfer-spenden"},"modified":"2021-07-31T03:05:47","modified_gmt":"2021-07-31T03:05:47","slug":"mit-der-rikscha-durchs-salinental-und-fuer-die-flutopfer-spenden","status":"publish","type":"post","link":"https:\/\/timeline-kreuznach.de\/en\/mit-der-rikscha-durchs-salinental-und-fuer-die-flutopfer-spenden","title":{"rendered":"Take a rickshaw through the Salina Valley and donate to the flood victims"},"content":{"rendered":"<div>\"I'd like to go for a ride,\" are the comments from walkers when the Krista team drives its guests through the Salina Valley in a rickshaw. Now there is an opportunity to do just that, and for a good cause. \"We also want to support the flood victims on the Ahr financially,\" says Ulla Baumg\u00e4rtner from the Klara team. The Kreuznach cargo bike initiative will provide \u20ac500 from its own donation pot. In addition, all proceeds from the charity rides with Krista planned for August. Ideal for locals and tourists alike. The 50-minute panoramic trip costs \u20ac50 for two people and \u20ac35 for one person. Reinhold Hassel has already completed one trip with a couple of tourists. They were so impressed that they donated 80 euros.<\/div>\n<p class=\"wpematico_credit\"><small>Powered by <a href=\"http:\/\/www.wpematico.com\" target=\"_blank\" rel=\"noopener noreferrer\">WPeMatico<\/a><\/small><\/p>","protected":false},"excerpt":{"rendered":"<p>\u201eDa m\u00f6chte ich auch mal mitfahren\u201c, lauten die Kommentare von Spazierg\u00e4ngern, wenn das Krista-Team seine G\u00e4ste in der Rikscha durch das Salinental f\u00e4hrt. Jetzt gibt es die Gelegenheit dazu und das f\u00fcr einen guten Zweck. \u201eAuch wir wollen die Flutopfer an der Ahr finanziell unterst\u00fctzen\u201c, sagt Ulla Baumg\u00e4rtner vom Klara-Team. Die Kreuznacher Lastenrad-Initiative wird schon [&hellip;]<\/p>\n","protected":false},"author":1,"featured_media":0,"comment_status":"closed","ping_status":"closed","sticky":false,"template":"","format":"standard","meta":{"footnotes":""},"categories":[5],"tags":[6],"class_list":["post-4902","post","type-post","status-publish","format-standard","hentry","category-stadtkreuznach","tag-stadtnews"],"_links":{"self":[{"href":"https:\/\/timeline-kreuznach.de\/en\/wp-json\/wp\/v2\/posts\/4902","targetHints":{"allow":["GET"]}}],"collection":[{"href":"https:\/\/timeline-kreuznach.de\/en\/wp-json\/wp\/v2\/posts"}],"about":[{"href":"https:\/\/timeline-kreuznach.de\/en\/wp-json\/wp\/v2\/types\/post"}],"author":[{"embeddable":true,"href":"https:\/\/timeline-kreuznach.de\/en\/wp-json\/wp\/v2\/users\/1"}],"replies":[{"embeddable":true,"href":"https:\/\/timeline-kreuznach.de\/en\/wp-json\/wp\/v2\/comments?post=4902"}],"version-history":[{"count":0,"href":"https:\/\/timeline-kreuznach.de\/en\/wp-json\/wp\/v2\/posts\/4902\/revisions"}],"wp:attachment":[{"href":"https:\/\/timeline-kreuznach.de\/en\/wp-json\/wp\/v2\/media?parent=4902"}],"wp:term":[{"taxonomy":"category","embeddable":true,"href":"https:\/\/timeline-kreuznach.de\/en\/wp-json\/wp\/v2\/categories?post=4902"},{"taxonomy":"post_tag","embeddable":true,"href":"https:\/\/timeline-kreuznach.de\/en\/wp-json\/wp\/v2\/tags?post=4902"}],"curies":[{"name":"wp","href":"https:\/\/api.w.org\/{rel}","templated":true}]}}