{"id":4897,"date":"2021-07-30T03:01:18","date_gmt":"2021-07-30T03:01:18","guid":{"rendered":"http:\/\/timeline-kreuznach.de\/pol-ppmz-nach-unfall-mit-radfahrer-fluechtig-zeugen-gesucht"},"modified":"2021-07-30T03:01:18","modified_gmt":"2021-07-30T03:01:18","slug":"pol-ppmz-nach-unfall-mit-radfahrer-fluechtig-zeugen-gesucht","status":"publish","type":"post","link":"https:\/\/timeline-kreuznach.de\/en\/pol-ppmz-nach-unfall-mit-radfahrer-fluechtig-zeugen-gesucht","title":{"rendered":"POL-PPMZ: Fleeing after accident with cyclist - witnesses wanted"},"content":{"rendered":"<div><b>Polizeipr\u00e4sidium Mainz<\/b> [<a href=\"https:\/\/www.presseportal.de\/blaulicht\/pm\/117708\/4981602\">Newsroom<\/a>]<br \/>Mainz (ots) &#8211; Am Dienstag, gegen 17 Uhr, befahren zwei Kinder (10 und 11 Jahre, m\u00e4nnlich) mit ihren Fahrr\u00e4dern die Weserstra\u00dfe in Richtung Koblenzer Stra\u00dfe. Sie halten verkehrsbedingt auf der Linksabbiegerspur zur Mainzer Stra\u00dfe. Aus &#8230; <a href=\"https:\/\/www.presseportal.de\/blaulicht\/pm\/117708\/4981602\">Lesen Sie hier weiter&#8230;<\/a><br clear=\"all\"><\/p>\n<p><small>Original-Content von: Polizeipr\u00e4sidium Mainz, \u00fcbermittelt durch news aktuell<\/small><\/p>\n<\/div>\n<p class=\"wpematico_credit\"><small>Powered by <a href=\"http:\/\/www.wpematico.com\" target=\"_blank\" rel=\"noopener noreferrer\">WPeMatico<\/a><\/small><\/p>\n","protected":false},"excerpt":{"rendered":"<p>Polizeipr\u00e4sidium Mainz [Newsroom]Mainz (ots) &#8211; Am Dienstag, gegen 17 Uhr, befahren zwei Kinder (10 und 11 Jahre, m\u00e4nnlich) mit ihren Fahrr\u00e4dern die Weserstra\u00dfe in Richtung Koblenzer Stra\u00dfe. Sie halten verkehrsbedingt auf der Linksabbiegerspur zur Mainzer Stra\u00dfe. Aus &#8230; Lesen Sie hier weiter&#8230; Original-Content von: Polizeipr\u00e4sidium Mainz, \u00fcbermittelt durch news aktuell Powered by WPeMatico<\/p>\n","protected":false},"author":1,"featured_media":0,"comment_status":"closed","ping_status":"closed","sticky":false,"template":"","format":"standard","meta":{"footnotes":""},"categories":[1],"tags":[],"class_list":["post-4897","post","type-post","status-publish","format-standard","hentry","category-uncategorized"],"_links":{"self":[{"href":"https:\/\/timeline-kreuznach.de\/en\/wp-json\/wp\/v2\/posts\/4897","targetHints":{"allow":["GET"]}}],"collection":[{"href":"https:\/\/timeline-kreuznach.de\/en\/wp-json\/wp\/v2\/posts"}],"about":[{"href":"https:\/\/timeline-kreuznach.de\/en\/wp-json\/wp\/v2\/types\/post"}],"author":[{"embeddable":true,"href":"https:\/\/timeline-kreuznach.de\/en\/wp-json\/wp\/v2\/users\/1"}],"replies":[{"embeddable":true,"href":"https:\/\/timeline-kreuznach.de\/en\/wp-json\/wp\/v2\/comments?post=4897"}],"version-history":[{"count":0,"href":"https:\/\/timeline-kreuznach.de\/en\/wp-json\/wp\/v2\/posts\/4897\/revisions"}],"wp:attachment":[{"href":"https:\/\/timeline-kreuznach.de\/en\/wp-json\/wp\/v2\/media?parent=4897"}],"wp:term":[{"taxonomy":"category","embeddable":true,"href":"https:\/\/timeline-kreuznach.de\/en\/wp-json\/wp\/v2\/categories?post=4897"},{"taxonomy":"post_tag","embeddable":true,"href":"https:\/\/timeline-kreuznach.de\/en\/wp-json\/wp\/v2\/tags?post=4897"}],"curies":[{"name":"wp","href":"https:\/\/api.w.org\/{rel}","templated":true}]}}