{"id":4896,"date":"2021-07-30T03:01:17","date_gmt":"2021-07-30T03:01:17","guid":{"rendered":"http:\/\/timeline-kreuznach.de\/pol-pdkh-auffahrunfall-mit-drei-beteiligten-fahrzeugen-alle-fahrzeuginsassen-wurden-leicht-verletzt"},"modified":"2021-07-30T03:01:17","modified_gmt":"2021-07-30T03:01:17","slug":"pol-pdkh-auffahrunfall-mit-drei-beteiligten-fahrzeugen-alle-fahrzeuginsassen-wurden-leicht-verletzt","status":"publish","type":"post","link":"https:\/\/timeline-kreuznach.de\/en\/pol-pdkh-auffahrunfall-mit-drei-beteiligten-fahrzeugen-alle-fahrzeuginsassen-wurden-leicht-verletzt","title":{"rendered":"POL-PDKH: Rear-end collision with three vehicles involved - all occupants sustained minor injuries"},"content":{"rendered":"<div><b>Polizeidirektion Bad Kreuznach<\/b> [<a href=\"https:\/\/www.presseportal.de\/blaulicht\/pm\/117703\/4981582\">Newsroom<\/a>]<br \/>Bad Kreuznach (ots) &#8211; Am Donnerstag, 29.07.2021 gegen 14:50 Uhr befuhren drei PKW hintereinander die Planiger Stra\u00dfe in Bad Kreuznach aus Richtung Wilhelmstra\u00dfe kommend in Fahrtrichtung Charles-De-Gaulle-Stra\u00dfe. Die 77-j\u00e4hrige &#8230; <a href=\"https:\/\/www.presseportal.de\/blaulicht\/pm\/117703\/4981582\">Lesen Sie hier weiter&#8230;<\/a><br clear=\"all\"><\/p>\n<p><small>Original-Content von: Polizeidirektion Bad Kreuznach, \u00fcbermittelt durch news aktuell<\/small><\/p>\n<\/div>\n<p class=\"wpematico_credit\"><small>Powered by <a href=\"http:\/\/www.wpematico.com\" target=\"_blank\" rel=\"noopener noreferrer\">WPeMatico<\/a><\/small><\/p>\n","protected":false},"excerpt":{"rendered":"<p>Polizeidirektion Bad Kreuznach [Newsroom]Bad Kreuznach (ots) &#8211; Am Donnerstag, 29.07.2021 gegen 14:50 Uhr befuhren drei PKW hintereinander die Planiger Stra\u00dfe in Bad Kreuznach aus Richtung Wilhelmstra\u00dfe kommend in Fahrtrichtung Charles-De-Gaulle-Stra\u00dfe. Die 77-j\u00e4hrige &#8230; Lesen Sie hier weiter&#8230; Original-Content von: Polizeidirektion Bad Kreuznach, \u00fcbermittelt durch news aktuell Powered by WPeMatico<\/p>\n","protected":false},"author":1,"featured_media":0,"comment_status":"closed","ping_status":"closed","sticky":false,"template":"","format":"standard","meta":{"footnotes":""},"categories":[1],"tags":[],"class_list":["post-4896","post","type-post","status-publish","format-standard","hentry","category-uncategorized"],"_links":{"self":[{"href":"https:\/\/timeline-kreuznach.de\/en\/wp-json\/wp\/v2\/posts\/4896","targetHints":{"allow":["GET"]}}],"collection":[{"href":"https:\/\/timeline-kreuznach.de\/en\/wp-json\/wp\/v2\/posts"}],"about":[{"href":"https:\/\/timeline-kreuznach.de\/en\/wp-json\/wp\/v2\/types\/post"}],"author":[{"embeddable":true,"href":"https:\/\/timeline-kreuznach.de\/en\/wp-json\/wp\/v2\/users\/1"}],"replies":[{"embeddable":true,"href":"https:\/\/timeline-kreuznach.de\/en\/wp-json\/wp\/v2\/comments?post=4896"}],"version-history":[{"count":0,"href":"https:\/\/timeline-kreuznach.de\/en\/wp-json\/wp\/v2\/posts\/4896\/revisions"}],"wp:attachment":[{"href":"https:\/\/timeline-kreuznach.de\/en\/wp-json\/wp\/v2\/media?parent=4896"}],"wp:term":[{"taxonomy":"category","embeddable":true,"href":"https:\/\/timeline-kreuznach.de\/en\/wp-json\/wp\/v2\/categories?post=4896"},{"taxonomy":"post_tag","embeddable":true,"href":"https:\/\/timeline-kreuznach.de\/en\/wp-json\/wp\/v2\/tags?post=4896"}],"curies":[{"name":"wp","href":"https:\/\/api.w.org\/{rel}","templated":true}]}}