{"id":4883,"date":"2021-07-28T03:05:38","date_gmt":"2021-07-28T03:05:38","guid":{"rendered":"http:\/\/timeline-kreuznach.de\/pauschenpferde-im-schlossparkmuseum-und-im-sportmuseum-in-tokio-ausstellung-zu-olympioniken-konrad-frey-eroeffnet"},"modified":"2021-07-28T03:05:38","modified_gmt":"2021-07-28T03:05:38","slug":"pauschenpferde-im-schlossparkmuseum-und-im-sportmuseum-in-tokio-ausstellung-zu-olympioniken-konrad-frey-eroeffnet","status":"publish","type":"post","link":"https:\/\/timeline-kreuznach.de\/en\/pauschenpferde-im-schlossparkmuseum-und-im-sportmuseum-in-tokio-ausstellung-zu-olympioniken-konrad-frey-eroeffnet","title":{"rendered":"Pommel horses in the Castle Park Museum and the Sports Museum in Tokyo - Exhibition on Olympian Konrad Frey opens"},"content":{"rendered":"<div>Bad Kreuznach's success story at the Olympic Games will continue in Tokyo. At least it looks that way, because after the preliminary heats Ricarda Funk (KSV Bad Kreuznach) is on course for a medal in the canoe slalom. This is news that will be announced at the opening of the exhibition \"Bad Kreuznach Olympians. Gymnast Konrad Frey in Berlin 1936\" in the Puricelli Salon of the Schlo\u00dfparkmuseum.<\/div>\n<p class=\"wpematico_credit\"><small>Powered by <a href=\"http:\/\/www.wpematico.com\" target=\"_blank\" rel=\"noopener noreferrer\">WPeMatico<\/a><\/small><\/p>","protected":false},"excerpt":{"rendered":"<p>Bad Kreuznachs Erfolgsgeschichte bei den olympischen Spielen wird in Tokio fortgeschrieben. Zumindest sieht es danach aus, denn nach den Vorl\u00e4ufen liegt Ricarda Funk (KSV Bad Kreuznach) im Kanuslalom auf Medaillenkurs. Eine Nachricht, die bei der Er\u00f6ffnung der Ausstellung \u201eBad Kreuznacher Olympioniken. Der Turner Konrad Frey in Berlin 1936\u201c im Puricelli-Salon des Schlo\u00dfparkmuseums f\u00fcr gro\u00dfe Freude [&hellip;]<\/p>\n","protected":false},"author":1,"featured_media":0,"comment_status":"closed","ping_status":"closed","sticky":false,"template":"","format":"standard","meta":{"footnotes":""},"categories":[5],"tags":[6],"class_list":["post-4883","post","type-post","status-publish","format-standard","hentry","category-stadtkreuznach","tag-stadtnews"],"_links":{"self":[{"href":"https:\/\/timeline-kreuznach.de\/en\/wp-json\/wp\/v2\/posts\/4883","targetHints":{"allow":["GET"]}}],"collection":[{"href":"https:\/\/timeline-kreuznach.de\/en\/wp-json\/wp\/v2\/posts"}],"about":[{"href":"https:\/\/timeline-kreuznach.de\/en\/wp-json\/wp\/v2\/types\/post"}],"author":[{"embeddable":true,"href":"https:\/\/timeline-kreuznach.de\/en\/wp-json\/wp\/v2\/users\/1"}],"replies":[{"embeddable":true,"href":"https:\/\/timeline-kreuznach.de\/en\/wp-json\/wp\/v2\/comments?post=4883"}],"version-history":[{"count":0,"href":"https:\/\/timeline-kreuznach.de\/en\/wp-json\/wp\/v2\/posts\/4883\/revisions"}],"wp:attachment":[{"href":"https:\/\/timeline-kreuznach.de\/en\/wp-json\/wp\/v2\/media?parent=4883"}],"wp:term":[{"taxonomy":"category","embeddable":true,"href":"https:\/\/timeline-kreuznach.de\/en\/wp-json\/wp\/v2\/categories?post=4883"},{"taxonomy":"post_tag","embeddable":true,"href":"https:\/\/timeline-kreuznach.de\/en\/wp-json\/wp\/v2\/tags?post=4883"}],"curies":[{"name":"wp","href":"https:\/\/api.w.org\/{rel}","templated":true}]}}