{"id":4806,"date":"2021-07-17T03:00:13","date_gmt":"2021-07-17T03:00:13","guid":{"rendered":"http:\/\/timeline-kreuznach.de\/stadtrat-entscheidet-bad-kreuznacher-jahrmarkt-faellt-auch-2021-aus"},"modified":"2021-07-17T03:00:13","modified_gmt":"2021-07-17T03:00:13","slug":"stadtrat-entscheidet-bad-kreuznacher-jahrmarkt-faellt-auch-2021-aus","status":"publish","type":"post","link":"https:\/\/timeline-kreuznach.de\/en\/stadtrat-entscheidet-bad-kreuznacher-jahrmarkt-faellt-auch-2021-aus","title":{"rendered":"City council decides: Bad Kreuznach funfair also canceled in 2021"},"content":{"rendered":"<div>The Bad Kreuznach fair, which was due to take place from August 20 to 24, has been canceled again this year due to the coronavirus pandemic. The city council decided to cancel the largest five-day folk festival in the region at its meeting yesterday. There will be no replacement event. However, the city council will support smaller fairground events, in particular the fairs in Winzenheim and Planig, as far as possible.<\/div>\n<p class=\"wpematico_credit\"><small>Powered by <a href=\"http:\/\/www.wpematico.com\" target=\"_blank\" rel=\"noopener noreferrer\">WPeMatico<\/a><\/small><\/p>","protected":false},"excerpt":{"rendered":"<p>Der Bad Kreuznacher Jahrmarkt, der vom 20. bis 24. August stattfinden sollte, f\u00e4llt nach 2020 auch dieses Jahr wegen der Corona-Pandemie aus. Der Stadtrat hat die Absage des gr\u00f6\u00dften F\u00fcnf-Tages-Volksfest in der Region in seiner gestrigen Sitzung beschlossen. Eine Ersatzveranstaltung wird es nicht geben. Die Stadtverwaltung wird jedoch kleinere Veranstaltungen der Schausteller, vor allem die [&hellip;]<\/p>\n","protected":false},"author":1,"featured_media":0,"comment_status":"closed","ping_status":"closed","sticky":false,"template":"","format":"standard","meta":{"footnotes":""},"categories":[5],"tags":[6],"class_list":["post-4806","post","type-post","status-publish","format-standard","hentry","category-stadtkreuznach","tag-stadtnews"],"_links":{"self":[{"href":"https:\/\/timeline-kreuznach.de\/en\/wp-json\/wp\/v2\/posts\/4806","targetHints":{"allow":["GET"]}}],"collection":[{"href":"https:\/\/timeline-kreuznach.de\/en\/wp-json\/wp\/v2\/posts"}],"about":[{"href":"https:\/\/timeline-kreuznach.de\/en\/wp-json\/wp\/v2\/types\/post"}],"author":[{"embeddable":true,"href":"https:\/\/timeline-kreuznach.de\/en\/wp-json\/wp\/v2\/users\/1"}],"replies":[{"embeddable":true,"href":"https:\/\/timeline-kreuznach.de\/en\/wp-json\/wp\/v2\/comments?post=4806"}],"version-history":[{"count":0,"href":"https:\/\/timeline-kreuznach.de\/en\/wp-json\/wp\/v2\/posts\/4806\/revisions"}],"wp:attachment":[{"href":"https:\/\/timeline-kreuznach.de\/en\/wp-json\/wp\/v2\/media?parent=4806"}],"wp:term":[{"taxonomy":"category","embeddable":true,"href":"https:\/\/timeline-kreuznach.de\/en\/wp-json\/wp\/v2\/categories?post=4806"},{"taxonomy":"post_tag","embeddable":true,"href":"https:\/\/timeline-kreuznach.de\/en\/wp-json\/wp\/v2\/tags?post=4806"}],"curies":[{"name":"wp","href":"https:\/\/api.w.org\/{rel}","templated":true}]}}