{"id":1588,"date":"2019-10-17T03:07:22","date_gmt":"2019-10-17T03:07:22","guid":{"rendered":"http:\/\/timeline-kreuznach.de\/4402446-2"},"modified":"2019-10-17T03:07:22","modified_gmt":"2019-10-17T03:07:22","slug":"4402446-2","status":"publish","type":"post","link":"https:\/\/timeline-kreuznach.de\/en\/4402446-2","title":{"rendered":"POL-PDKH: Traffic accident with personal injury\nTuesday, 15.10.2019, 17:25 hrs"},"content":{"rendered":"<div><b>Polizeidirektion Bad Kreuznach<\/b> [<a href=\"https:\/\/www.presseportal.de\/blaulicht\/pm\/117703\/4402446\">Newsroom<\/a>]<br \/>Bad Kreuznach (ots) &#8211; Der Fahrer eines Traktor mit Anh\u00e4nger und ein Pkw-Fahrer befuhren in dieser Reihenfolge die Kreisstra\u00dfe 49 nach dem Breitenfelser Hof in Rtg. Winzenheim. Der 57-j\u00e4hrige Pkw-Fahrer wollte das Traktorgespann \u00fcberholen und der &#8230; <a href=\"https:\/\/www.presseportal.de\/blaulicht\/pm\/117703\/4402446\">Lesen Sie hier weiter&#8230;<\/a><br clear=\"all\"><\/p>\n<p><small>Original-Content von: Polizeidirektion Bad Kreuznach, \u00fcbermittelt durch news aktuell<\/small><\/p>\n<\/div>\n","protected":false},"excerpt":{"rendered":"<p>Polizeidirektion Bad Kreuznach [Newsroom]Bad Kreuznach (ots) &#8211; Der Fahrer eines Traktor mit Anh\u00e4nger und ein Pkw-Fahrer befuhren in dieser Reihenfolge die Kreisstra\u00dfe 49 nach dem Breitenfelser Hof in Rtg. Winzenheim. Der 57-j\u00e4hrige Pkw-Fahrer wollte das Traktorgespann \u00fcberholen und der &#8230; Lesen Sie hier weiter&#8230; Original-Content von: Polizeidirektion Bad Kreuznach, \u00fcbermittelt durch news aktuell<\/p>\n","protected":false},"author":1,"featured_media":1589,"comment_status":"closed","ping_status":"closed","sticky":false,"template":"","format":"standard","meta":{"footnotes":""},"categories":[7],"tags":[8],"class_list":["post-1588","post","type-post","status-publish","format-standard","has-post-thumbnail","hentry","category-presseportal","tag-presseportal"],"_links":{"self":[{"href":"https:\/\/timeline-kreuznach.de\/en\/wp-json\/wp\/v2\/posts\/1588","targetHints":{"allow":["GET"]}}],"collection":[{"href":"https:\/\/timeline-kreuznach.de\/en\/wp-json\/wp\/v2\/posts"}],"about":[{"href":"https:\/\/timeline-kreuznach.de\/en\/wp-json\/wp\/v2\/types\/post"}],"author":[{"embeddable":true,"href":"https:\/\/timeline-kreuznach.de\/en\/wp-json\/wp\/v2\/users\/1"}],"replies":[{"embeddable":true,"href":"https:\/\/timeline-kreuznach.de\/en\/wp-json\/wp\/v2\/comments?post=1588"}],"version-history":[{"count":0,"href":"https:\/\/timeline-kreuznach.de\/en\/wp-json\/wp\/v2\/posts\/1588\/revisions"}],"wp:featuredmedia":[{"embeddable":true,"href":"https:\/\/timeline-kreuznach.de\/en\/wp-json\/wp\/v2\/media\/1589"}],"wp:attachment":[{"href":"https:\/\/timeline-kreuznach.de\/en\/wp-json\/wp\/v2\/media?parent=1588"}],"wp:term":[{"taxonomy":"category","embeddable":true,"href":"https:\/\/timeline-kreuznach.de\/en\/wp-json\/wp\/v2\/categories?post=1588"},{"taxonomy":"post_tag","embeddable":true,"href":"https:\/\/timeline-kreuznach.de\/en\/wp-json\/wp\/v2\/tags?post=1588"}],"curies":[{"name":"wp","href":"https:\/\/api.w.org\/{rel}","templated":true}]}}